{"id":10402,"date":"2017-04-05T08:29:14","date_gmt":"2017-04-05T07:29:14","guid":{"rendered":"http:\/\/www.vuesdenface.com\/web\/?p=10402"},"modified":"2017-04-05T08:49:54","modified_gmt":"2017-04-05T07:49:54","slug":"soiree-douverture","status":"publish","type":"post","link":"https:\/\/www.vuesdenface.com\/web\/soiree-douverture\/","title":{"rendered":"Soir\u00e9e d&rsquo;ouverture"},"content":{"rendered":"<p>L&rsquo;\u00e9quipe est fin pr\u00eate, ses piles sont charg\u00e9es et sa bonne humeur \u00e0 bloc&#8230;<\/p>\n<p>Le 17e Festival Vues d\u2019en Face peut ouvrir ses portes \u00e0 sa foule de festivaliers pour profiter d&rsquo;une super s\u00e9lection de films et d&rsquo;\u00e9v\u00e8nements dans une ambiance \u00e9lectrique.<\/p>\n<p>Le Mercredi 5 Avril sera notre premier jour de festivit\u00e9 avec le film \u00ab\u00a0Plus jamais seul\u00a0\u00bb \u00e0 20h suivi du pot d&rsquo;ouverture et du vernissage de l&rsquo;exposition &lsquo;M To Me\u00a0\u00bb \u00e0 l&rsquo;atelier du 8 \u00e0 22h30 en pr\u00e9sence de la photographe V\u00e9ronique Serre et du mod\u00e8le Val\u00e9rie.<\/p>\n<p>La billetterie vous accueillera d\u00e8s 18h \u00e0 la salle 6 du Cin\u00e9ma Le Club pour remplir vos poches de places de cin\u00e9 et goodies.<\/p>\n<p>A vos agendas pour ne pas zapper la date !<br \/>\nPlus jamais seul, <a href=\"https:\/\/www.vuesdenface.com\/web\/wp-content\/themes\/vdef\/iCalcreator.php\/?start_y=2017&start_m=04&start_d=05&start_h=20&start_min=00&start_sec=00&duree=81&place=Le+Club&films=Plus%2Bjamais%2Bseul&synopsis=Pablo%2C+jeune+lyc%C3%A9en+homosexuel%2C+passionn%C3%A9+par+le+cabaret%2C+est+victime+d%E2%80%99une+violente+agression+homophobe+qui+le+laisse+dans+le+coma.+Commence+alors+pour+son+p%C3%A8re+une+lutte+pour+retrouver+les+coupables+et+dans+le+m%C3%AAme+temps+r%C3%A9unir+les+fonds+n%C3%A9cessaires+pour+soigner+son+fils%E2%80%A6%0A&url=https%3A%2F%2Fwww.vuesdenface.com%2Fweb%2Ffilm%2Fplus-jamais-seul%2F&comment=\" class=\"ical\"title=\"Ajouter la s\u00e9ance \u00e0 mon agenda\"><i class=\"fa fa-calendar\">&nbsp;<\/i>&nbsp;<span class=\"lien-ical\">Ajouter \u00e0 l'agenda<\/span><\/a><br\/>\nM TO ME, <a href=\"\" class=\"ical\"title=\"Ajouter la s\u00e9ance \u00e0 mon agenda\"><i class=\"fa fa-calendar\">&nbsp;<\/i>&nbsp;<span class=\"lien-ical\">Ajouter \u00e0 l'agenda<\/span><\/a><br\/>\n\n<!-- template extrait_fiche_post --><div id=\"rubrique\" class=\"trailer\"><i class=\"fa fa-film\"><\/i>&nbsp;Fiche film<br><hr><\/div><table class=\"extrait-film\"><tr><td width=\"100\"><div class=\"vignette-affiche-extrait\" width=\"100px\" height=\"150px\"><figure><a href=\"https:\/\/www.vuesdenface.com\/web\/film\/plus-jamais-seul\/\"><img loading=\"lazy\" decoding=\"async\" src=\"https:\/\/www.vuesdenface.com\/web\/wp-content\/vignettes-vdef\/2017\/03\/100x150\/Plus-jamis-seul_poster-100x150.jpg\" width=\"100\" height=\"150\" class=\"vignette-affiche-extrait\" alt=\"Plus jamais seul\" title=\"Plus jamais seul\" rel=\"\"><\/a><figcaption><a href=\"https:\/\/www.vuesdenface.com\/web\/film\/plus-jamais-seul\/\"><\/a><\/figcaption><\/figure><\/div><\/td><td><article class=\"post-extrait\"><header class=\"extrait-header\"><span class=\"titre-film-h1\"><a rel=\"bookmark\" href=\"https:\/\/www.vuesdenface.com\/web\/film\/plus-jamais-seul\/\">Plus jamais seul<\/a><\/span>&nbsp;&bull;&nbsp;Nunca vas a estar solo<\/header><i>Drame&nbsp;&bull;&nbsp;Chili&nbsp;&bull;&nbsp;2016&nbsp;&bull;&nbsp;81 minutes&nbsp;&bull;&nbsp;VOSTF<\/i><br\/><span>Pablo, jeune lyc\u00e9en homosexuel, passionn\u00e9 par le cabaret, est victime d\u2019une violente agression homophobe qui le laisse dans le coma. Commence alors pour son p\u00e8re une lutte pour retrouver les coupables et dans le m\u00eame temps r\u00e9unir les fonds n\u00e9cessaires pour soigner son fils\u2026\n<\/span><a class=\"readmore\" href=\"https:\/\/www.vuesdenface.com\/web\/film\/plus-jamais-seul\/\">    Continuer la lecture \u2192<\/a><\/td><\/tr><\/table>\n<div class=\"rubrique\"><div class=\"rubrique-icone\"><i class=\"fa fa-picture-o fa-lg\"><\/i><\/div><div class=\"rubrique-texte\">Photos<br><\/div><hr><\/div>\n<div class=\"su-custom-gallery su-custom-gallery-align-left su-custom-gallery-title-hover rel\"><div class=\"su-custom-gallery-slide\" style=\"width:110px;height:110px\"><a><img loading=\"lazy\" decoding=\"async\" src=\"https:\/\/www.vuesdenface.com\/web\/wp-content\/uploads\/2017\/03\/Plus-jamais-seul_01-110x110.jpg\" alt=\"Plus jamais seul\" width=\"110\" height=\"110\" \/><span class=\"su-custom-gallery-title\">Plus jamais seul<\/span><\/a><\/div><div class=\"su-custom-gallery-slide\" style=\"width:110px;height:110px\"><a><img loading=\"lazy\" decoding=\"async\" src=\"https:\/\/www.vuesdenface.com\/web\/wp-content\/uploads\/2017\/03\/Plus-jamais-seul_03-110x110.jpeg\" alt=\"Plus jamais seul\" width=\"110\" height=\"110\" \/><span class=\"su-custom-gallery-title\">Plus jamais seul<\/span><\/a><\/div><div class=\"su-custom-gallery-slide\" style=\"width:110px;height:110px\"><a><img loading=\"lazy\" decoding=\"async\" src=\"https:\/\/www.vuesdenface.com\/web\/wp-content\/uploads\/2017\/03\/Plus-jamais-seul_04-110x110.jpg\" alt=\"Plus jamais seul\" width=\"110\" height=\"110\" \/><span class=\"su-custom-gallery-title\">Plus jamais seul<\/span><\/a><\/div><div class=\"su-custom-gallery-slide\" style=\"width:110px;height:110px\"><a><img loading=\"lazy\" decoding=\"async\" src=\"https:\/\/www.vuesdenface.com\/web\/wp-content\/uploads\/2017\/03\/Plus-jamais-seul_02-110x110.jpg\" alt=\"Plus jamais seul_02\" width=\"110\" height=\"110\" \/><span class=\"su-custom-gallery-title\">Plus jamais seul_02<\/span><\/a><\/div><div class=\"su-clear\"><\/div><\/div>\n","protected":false},"excerpt":{"rendered":"<p>L&rsquo;\u00e9quipe est fin pr\u00eate, ses piles sont charg\u00e9es et sa bonne humeur \u00e0 bloc&#8230; Le 17e Festival Vues d\u2019en Face peut ouvrir ses portes \u00e0 sa foule de festivaliers pour profiter d&rsquo;une super s\u00e9lection de films et d&rsquo;\u00e9v\u00e8nements dans une ambiance \u00e9lectrique. Le Mercredi 5 Avril sera notre premier jour de festivit\u00e9 avec le film &hellip; <a class=\"readmore\" href=\"https:\/\/www.vuesdenface.com\/web\/soiree-douverture\/\">Continuer la lecture &rarr;<\/a><\/p>\n","protected":false},"author":7,"featured_media":10022,"comment_status":"closed","ping_status":"closed","sticky":false,"template":"","format":"standard","meta":{"footnotes":""},"categories":[242],"tags":[],"class_list":["post-10402","post","type-post","status-publish","format-standard","has-post-thumbnail","hentry","category-actus"],"_links":{"self":[{"href":"https:\/\/www.vuesdenface.com\/web\/wp-json\/wp\/v2\/posts\/10402","targetHints":{"allow":["GET"]}}],"collection":[{"href":"https:\/\/www.vuesdenface.com\/web\/wp-json\/wp\/v2\/posts"}],"about":[{"href":"https:\/\/www.vuesdenface.com\/web\/wp-json\/wp\/v2\/types\/post"}],"author":[{"embeddable":true,"href":"https:\/\/www.vuesdenface.com\/web\/wp-json\/wp\/v2\/users\/7"}],"replies":[{"embeddable":true,"href":"https:\/\/www.vuesdenface.com\/web\/wp-json\/wp\/v2\/comments?post=10402"}],"version-history":[{"count":7,"href":"https:\/\/www.vuesdenface.com\/web\/wp-json\/wp\/v2\/posts\/10402\/revisions"}],"predecessor-version":[{"id":10403,"href":"https:\/\/www.vuesdenface.com\/web\/wp-json\/wp\/v2\/posts\/10402\/revisions\/10403"}],"wp:featuredmedia":[{"embeddable":true,"href":"https:\/\/www.vuesdenface.com\/web\/wp-json\/wp\/v2\/media\/10022"}],"wp:attachment":[{"href":"https:\/\/www.vuesdenface.com\/web\/wp-json\/wp\/v2\/media?parent=10402"}],"wp:term":[{"taxonomy":"category","embeddable":true,"href":"https:\/\/www.vuesdenface.com\/web\/wp-json\/wp\/v2\/categories?post=10402"},{"taxonomy":"post_tag","embeddable":true,"href":"https:\/\/www.vuesdenface.com\/web\/wp-json\/wp\/v2\/tags?post=10402"}],"curies":[{"name":"wp","href":"https:\/\/api.w.org\/{rel}","templated":true}]}}