{"id":10419,"date":"2017-04-06T22:30:20","date_gmt":"2017-04-06T21:30:20","guid":{"rendered":"http:\/\/www.vuesdenface.com\/web\/?p=10419"},"modified":"2017-04-05T09:00:31","modified_gmt":"2017-04-05T08:00:31","slug":"fronteras","status":"publish","type":"post","link":"https:\/\/www.vuesdenface.com\/web\/fronteras\/","title":{"rendered":"Fronteras"},"content":{"rendered":"<p>Vendredi 7 avril le festival diffuse le film <em>\u00ab\u00a0Fronteras\u00a0\u00bb<\/em> de <strong>Mikel Rueda<\/strong> avec <strong>Germ\u00e1n Alcarazu<\/strong> et <strong>Adil Koukouh<\/strong>.<\/p>\n<p>La s\u00e9ance est projet\u00e9e au cin\u00e9ma Le Club le vendredi 7 avril \u00e0 20h.<br \/>\n<a href=\"\" class=\"ical\"title=\"Ajouter la s\u00e9ance \u00e0 mon agenda\"><i class=\"fa fa-calendar\">&nbsp;<\/i>&nbsp;<span class=\"lien-ical\">Ajouter \u00e0 l'agenda<\/span><\/a><br\/>\n\n<!-- template extrait_fiche_post --><div id=\"rubrique\" class=\"trailer\"><i class=\"fa fa-film\"><\/i>&nbsp;Fiche film<br><hr><\/div><table class=\"extrait-film\"><tr><td width=\"100\"><div class=\"vignette-affiche-extrait\" width=\"100px\" height=\"150px\"><figure><a href=\"https:\/\/www.vuesdenface.com\/web\/film\/fronteras\/\"><img loading=\"lazy\" decoding=\"async\" src=\"https:\/\/www.vuesdenface.com\/web\/wp-content\/vignettes-vdef\/2017\/03\/100x150\/artoff9963-100x150.jpg\" width=\"100\" height=\"150\" class=\"vignette-affiche-extrait\" alt=\"Fronteras\" title=\"Fronteras\" rel=\"\"><\/a><figcaption><a href=\"https:\/\/www.vuesdenface.com\/web\/film\/fronteras\/\"><\/a><\/figcaption><\/figure><\/div><\/td><td><article class=\"post-extrait\"><header class=\"extrait-header\"><span class=\"titre-film-h1\"><a rel=\"bookmark\" href=\"https:\/\/www.vuesdenface.com\/web\/film\/fronteras\/\">Fronteras<\/a><\/span>&nbsp;&bull;&nbsp;A escondidas<\/header><i>Drame et Romance&nbsp;&bull;&nbsp;Espagne&nbsp;&bull;&nbsp;2014&nbsp;&bull;&nbsp;96 minutes&nbsp;&bull;&nbsp;VOSTF<\/i><br\/><span> Rafa, adolescent de quatorze ans doit cacher l\u2019attirance qu\u2019il \u00e9prouve pour Ibrahim, jeune marocain fra\u00eechement \u00e9migr\u00e9. Ibra, lui, se cache des autorit\u00e9s car il est sur le point d\u2019\u00eatre expuls\u00e9 du pays. Les deux lyc\u00e9ens doivent aussi r\u00e9sister \u00e0 leur entourage qui les pousse vers les filles et le ...<\/span><a class=\"readmore\" href=\"https:\/\/www.vuesdenface.com\/web\/film\/fronteras\/\">    Continuer la lecture \u2192<\/a><\/td><\/tr><\/table>\n<div class=\"rubrique\"><div class=\"rubrique-icone\"><i class=\"fa fa-picture-o fa-lg\"><\/i><\/div><div class=\"rubrique-texte\">Photos<br><\/div><hr><\/div>\n<div class=\"su-custom-gallery su-custom-gallery-align-left su-custom-gallery-title-hover rel\"><div class=\"su-custom-gallery-slide\" style=\"width:110px;height:110px\"><a><img loading=\"lazy\" decoding=\"async\" src=\"https:\/\/www.vuesdenface.com\/web\/wp-content\/uploads\/2017\/03\/Fronteras_outplayfilms_01-110x110.jpg\" alt=\"Fronteras\" width=\"110\" height=\"110\" \/><span class=\"su-custom-gallery-title\">Fronteras<\/span><\/a><\/div><div class=\"su-custom-gallery-slide\" style=\"width:110px;height:110px\"><a><img loading=\"lazy\" decoding=\"async\" src=\"https:\/\/www.vuesdenface.com\/web\/wp-content\/uploads\/2017\/03\/Fronteras_outplayfilms_02-110x110.jpg\" alt=\"Fronteras\" width=\"110\" height=\"110\" \/><span class=\"su-custom-gallery-title\">Fronteras<\/span><\/a><\/div><div class=\"su-custom-gallery-slide\" style=\"width:110px;height:110px\"><a><img loading=\"lazy\" decoding=\"async\" src=\"https:\/\/www.vuesdenface.com\/web\/wp-content\/uploads\/2017\/03\/Fronteras_outplayfilms_03-110x110.jpg\" alt=\"Fronteras\" width=\"110\" height=\"110\" \/><span class=\"su-custom-gallery-title\">Fronteras<\/span><\/a><\/div><div class=\"su-custom-gallery-slide\" style=\"width:110px;height:110px\"><a><img loading=\"lazy\" decoding=\"async\" src=\"https:\/\/www.vuesdenface.com\/web\/wp-content\/uploads\/2017\/03\/Fronteras_outplayfilms_04-110x110.jpg\" alt=\"Fronteras\" width=\"110\" height=\"110\" \/><span class=\"su-custom-gallery-title\">Fronteras<\/span><\/a><\/div><div class=\"su-custom-gallery-slide\" style=\"width:110px;height:110px\"><a><img loading=\"lazy\" decoding=\"async\" src=\"https:\/\/www.vuesdenface.com\/web\/wp-content\/uploads\/2017\/03\/Fronteras_outplayfilms_06-110x110.jpg\" alt=\"Fronteras\" width=\"110\" height=\"110\" \/><span class=\"su-custom-gallery-title\">Fronteras<\/span><\/a><\/div><div class=\"su-custom-gallery-slide\" style=\"width:110px;height:110px\"><a><img loading=\"lazy\" decoding=\"async\" src=\"https:\/\/www.vuesdenface.com\/web\/wp-content\/uploads\/2017\/03\/Fronteras_outplayfilms_07-110x110.jpg\" alt=\"Fronteras\" width=\"110\" height=\"110\" \/><span class=\"su-custom-gallery-title\">Fronteras<\/span><\/a><\/div><div class=\"su-custom-gallery-slide\" style=\"width:110px;height:110px\"><a><img loading=\"lazy\" decoding=\"async\" src=\"https:\/\/www.vuesdenface.com\/web\/wp-content\/uploads\/2017\/03\/Fronteras_outplayfilms_08-110x110.jpg\" alt=\"Fronteras\" width=\"110\" height=\"110\" \/><span class=\"su-custom-gallery-title\">Fronteras<\/span><\/a><\/div><div class=\"su-custom-gallery-slide\" style=\"width:110px;height:110px\"><a><img loading=\"lazy\" decoding=\"async\" src=\"https:\/\/www.vuesdenface.com\/web\/wp-content\/uploads\/2017\/03\/Fronteras_outplayfilms_09-110x110.jpg\" alt=\"Fronteras\" width=\"110\" height=\"110\" \/><span class=\"su-custom-gallery-title\">Fronteras<\/span><\/a><\/div><div class=\"su-clear\"><\/div><\/div>\n","protected":false},"excerpt":{"rendered":"<p>Vendredi 7 avril le festival diffuse le film \u00ab\u00a0Fronteras\u00a0\u00bb de Mikel Rueda avec Germ\u00e1n Alcarazu et Adil Koukouh. La s\u00e9ance est projet\u00e9e au cin\u00e9ma Le Club le vendredi 7 avril \u00e0 20h.<\/p>\n","protected":false},"author":2,"featured_media":10034,"comment_status":"closed","ping_status":"closed","sticky":false,"template":"","format":"standard","meta":{"footnotes":""},"categories":[242],"tags":[],"class_list":["post-10419","post","type-post","status-publish","format-standard","has-post-thumbnail","hentry","category-actus","numero_edition-edition-17"],"_links":{"self":[{"href":"https:\/\/www.vuesdenface.com\/web\/wp-json\/wp\/v2\/posts\/10419","targetHints":{"allow":["GET"]}}],"collection":[{"href":"https:\/\/www.vuesdenface.com\/web\/wp-json\/wp\/v2\/posts"}],"about":[{"href":"https:\/\/www.vuesdenface.com\/web\/wp-json\/wp\/v2\/types\/post"}],"author":[{"embeddable":true,"href":"https:\/\/www.vuesdenface.com\/web\/wp-json\/wp\/v2\/users\/2"}],"replies":[{"embeddable":true,"href":"https:\/\/www.vuesdenface.com\/web\/wp-json\/wp\/v2\/comments?post=10419"}],"version-history":[{"count":1,"href":"https:\/\/www.vuesdenface.com\/web\/wp-json\/wp\/v2\/posts\/10419\/revisions"}],"predecessor-version":[{"id":10422,"href":"https:\/\/www.vuesdenface.com\/web\/wp-json\/wp\/v2\/posts\/10419\/revisions\/10422"}],"wp:featuredmedia":[{"embeddable":true,"href":"https:\/\/www.vuesdenface.com\/web\/wp-json\/wp\/v2\/media\/10034"}],"wp:attachment":[{"href":"https:\/\/www.vuesdenface.com\/web\/wp-json\/wp\/v2\/media?parent=10419"}],"wp:term":[{"taxonomy":"category","embeddable":true,"href":"https:\/\/www.vuesdenface.com\/web\/wp-json\/wp\/v2\/categories?post=10419"},{"taxonomy":"post_tag","embeddable":true,"href":"https:\/\/www.vuesdenface.com\/web\/wp-json\/wp\/v2\/tags?post=10419"}],"curies":[{"name":"wp","href":"https:\/\/api.w.org\/{rel}","templated":true}]}}