{"id":10427,"date":"2017-04-07T22:30:08","date_gmt":"2017-04-07T21:30:08","guid":{"rendered":"http:\/\/www.vuesdenface.com\/web\/?p=10427"},"modified":"2017-04-06T09:51:53","modified_gmt":"2017-04-06T08:51:53","slug":"celles-et-ceux-qui-ont-ose","status":"publish","type":"post","link":"https:\/\/www.vuesdenface.com\/web\/celles-et-ceux-qui-ont-ose\/","title":{"rendered":"Celles et ceux qui ont os\u00e9"},"content":{"rendered":"<p>Premi\u00e8re \u00e9v\u00e9nement du weekend, <strong>Didier Roth-Bettoni<\/strong> fera une conf\u00e9rence \u00e0 l&rsquo;Office de Tourisme de Grenoble \u00e0 10h avec comme th\u00e9matique <strong>Celles et ceux qui ont os\u00e9<\/strong>.<\/p>\n<a href=\"\" class=\"ical\"title=\"Ajouter la s\u00e9ance \u00e0 mon agenda\"><i class=\"fa fa-calendar\">&nbsp;<\/i>&nbsp;<span class=\"lien-ical\">Ajouter \u00e0 l'agenda<\/span><\/a><br\/>\n\n<!-- template extrait_event_post --><div id=\"rubrique\" class=\"trailer\"><i class=\"fa fa-film\"><\/i>&nbsp;Fiche \u00c9v\u00e8nement<br><hr><\/div><table class=\"extrait-film\"><tr><td width=\"100\"><div class=\"vignette-affiche-extrait\" width=\"100px\" height=\"150px\"><figure><a href=\"https:\/\/www.vuesdenface.com\/web\/fiche-event\/celles-et-ceux-qui-ont-ose-%e2%80%a2-conference\/\"><img loading=\"lazy\" decoding=\"async\" src=\"https:\/\/www.vuesdenface.com\/web\/wp-content\/vignettes-vdef\/2017\/03\/100x150\/DRB_Bib-100x150.jpg\" width=\"100\" height=\"150\" class=\"vignette-affiche-extrait\" alt=\"Celles et ceux qui ont os\u00e9 \u2022 Conf\u00e9rence\" title=\"Celles et ceux qui ont os\u00e9 \u2022 Conf\u00e9rence\" rel=\"\"><\/a><figcaption><a href=\"https:\/\/www.vuesdenface.com\/web\/fiche-event\/celles-et-ceux-qui-ont-ose-%e2%80%a2-conference\/\"><\/a><\/figcaption><\/figure><\/div><\/td><td><span class=\"titre-film-h1\"><a rel=\"bookmark\" href=\"https:\/\/www.vuesdenface.com\/web\/fiche-event\/celles-et-ceux-qui-ont-ose-%e2%80%a2-conference\/\">Celles et ceux qui ont os\u00e9 \u2022 Conf\u00e9rence<\/a><\/span><\/header><br><span> Le festival accueille, Didier Roth-Bettoni, auteur de L\u2019homosexualit\u00e9 au cin\u00e9ma.\nDidier Roth-Bettoni fera une conf\u00e9rence intitul\u00e9e \u00ab Celles et ceux qui ont os\u00e9 \u00bb : ces artistes qui ont r\u00e9invent\u00e9 les images de l\u2019homosexualit\u00e9, Magnus Hirschfeld en Allemagne dans les ann\u00e9es 1910, Alla Nazimova \u00e0 ...<\/span><a class=\"readmore\" href=\"https:\/\/www.vuesdenface.com\/web\/fiche-event\/celles-et-ceux-qui-ont-ose-%e2%80%a2-conference\/\">    Continuer la lecture \u2192<\/a><\/td><\/tr><\/table>\n","protected":false},"excerpt":{"rendered":"<p>Premi\u00e8re \u00e9v\u00e9nement du weekend, Didier Roth-Bettoni fera une conf\u00e9rence \u00e0 l&rsquo;Office de Tourisme de Grenoble \u00e0 10h avec comme th\u00e9matique Celles et ceux qui ont os\u00e9.<\/p>\n","protected":false},"author":7,"featured_media":10192,"comment_status":"closed","ping_status":"closed","sticky":false,"template":"","format":"standard","meta":{"footnotes":""},"categories":[242],"tags":[],"class_list":["post-10427","post","type-post","status-publish","format-standard","has-post-thumbnail","hentry","category-actus","numero_edition-edition-17"],"_links":{"self":[{"href":"https:\/\/www.vuesdenface.com\/web\/wp-json\/wp\/v2\/posts\/10427","targetHints":{"allow":["GET"]}}],"collection":[{"href":"https:\/\/www.vuesdenface.com\/web\/wp-json\/wp\/v2\/posts"}],"about":[{"href":"https:\/\/www.vuesdenface.com\/web\/wp-json\/wp\/v2\/types\/post"}],"author":[{"embeddable":true,"href":"https:\/\/www.vuesdenface.com\/web\/wp-json\/wp\/v2\/users\/7"}],"replies":[{"embeddable":true,"href":"https:\/\/www.vuesdenface.com\/web\/wp-json\/wp\/v2\/comments?post=10427"}],"version-history":[{"count":3,"href":"https:\/\/www.vuesdenface.com\/web\/wp-json\/wp\/v2\/posts\/10427\/revisions"}],"predecessor-version":[{"id":10431,"href":"https:\/\/www.vuesdenface.com\/web\/wp-json\/wp\/v2\/posts\/10427\/revisions\/10431"}],"wp:featuredmedia":[{"embeddable":true,"href":"https:\/\/www.vuesdenface.com\/web\/wp-json\/wp\/v2\/media\/10192"}],"wp:attachment":[{"href":"https:\/\/www.vuesdenface.com\/web\/wp-json\/wp\/v2\/media?parent=10427"}],"wp:term":[{"taxonomy":"category","embeddable":true,"href":"https:\/\/www.vuesdenface.com\/web\/wp-json\/wp\/v2\/categories?post=10427"},{"taxonomy":"post_tag","embeddable":true,"href":"https:\/\/www.vuesdenface.com\/web\/wp-json\/wp\/v2\/tags?post=10427"}],"curies":[{"name":"wp","href":"https:\/\/api.w.org\/{rel}","templated":true}]}}