{"id":10803,"date":"2018-02-08T11:52:59","date_gmt":"2018-02-08T10:52:59","guid":{"rendered":"http:\/\/www.vuesdenface.com\/web\/?p=10803"},"modified":"2019-05-04T14:24:15","modified_gmt":"2019-05-04T13:24:15","slug":"azul-y-no-tan-rosa-%e2%80%a2-seance-partenaire-avec-le-festival-ojo-loco","status":"publish","type":"post","link":"https:\/\/www.vuesdenface.com\/web\/azul-y-no-tan-rosa-%e2%80%a2-seance-partenaire-avec-le-festival-ojo-loco\/","title":{"rendered":"Azul y no tan rosa \u2022 S\u00e9ance partenaire avec le Festival Ojo Loco"},"content":{"rendered":"<p>Vues d&rsquo;en Face s&rsquo;associe au Festival Ojo Loco pour vous proposer, le Mardi 13 f\u00e9vrier, une soir\u00e9e \u00e0 l&rsquo;apart\u00e9 sur le campus avec un ap\u00e9ritif v\u00e9n\u00e9zu\u00e9lien \u00e0 19h30 suivi de la projection \u00ab\u00a0d&rsquo;Azul y no tan rosa\u00a0\u00bb \u00e0 20h30.<\/p>\n<p>Notez la date sur votre agenda, le Mardi 13 f\u00e9vrier \u00e0 19h30 pour l&rsquo;ap\u00e9ritif et \u00e0 20h30 pour la projection \u00e0 l&rsquo;apart\u00e9 sur le campus.<br \/>\n<a href=\"https:\/\/www.vuesdenface.com\/web\/wp-content\/themes\/vdef\/iCalcreator.php\/?start_y=2018&start_m=02&start_d=13&start_h=19&start_min=30&start_sec=00&duree=110&place=L%27Apart%C3%A9&films=Azul%2BY%2BNo%2BTan%2BRosa&synopsis=Diego+partage+sa+vie+entre+Fabrizio+et+le+monde+exub%C3%A9rant+de+la+photo.+Il+n%E2%80%99a+rien+partag%C3%A9+depuis+des+ann%C3%A9es+avec+son+fils%2C+Armando%2C+qui+vit+avec+sa+m%C3%A8re+en+Espagne.+Armando+d%C3%A9barque+un+jour+au+V%C3%A9n%C3%A9zuela+avec+une+valise+pleine+de+reproches.+Diego+doit+alors+apprendre+%C3%A0+conna%C3%AEtre+son+fils+tout+en+continuant+%C3%A0+vivre+son+avec+son+ami.+Jusqu%E2%80%99%C3%A0+ce+que+l%E2%80%99homophobie+frappe%26%238230%3B%0A&url=https%3A%2F%2Fwww.vuesdenface.com%2Fweb%2Ffilm%2Fazul-y-no-tan-rosa%2F&comment=\" class=\"ical\"title=\"Ajouter la s\u00e9ance \u00e0 mon agenda\"><i class=\"fa fa-calendar\">&nbsp;<\/i>&nbsp;<span class=\"lien-ical\">Ajouter \u00e0 l'agenda<\/span><\/a><br\/>.<\/p>\n\n<!-- template extrait_fiche_post --><div id=\"rubrique\" class=\"trailer\"><i class=\"fa fa-film\"><\/i>&nbsp;Fiche film<br><hr><\/div><table class=\"extrait-film\"><tr><td width=\"100\"><div class=\"vignette-affiche-extrait\" width=\"100px\" height=\"150px\"><figure><a href=\"https:\/\/www.vuesdenface.com\/web\/film\/azul-y-no-tan-rosa\/\"><img loading=\"lazy\" decoding=\"async\" src=\"https:\/\/www.vuesdenface.com\/web\/wp-content\/vignettes-vdef\/2015\/03\/100x150\/azul_y_no_tan_rosa_POSTER_02-100x150.png\" width=\"100\" height=\"150\" class=\"vignette-affiche-extrait\" alt=\"Azul Y No Tan Rosa\" title=\"Azul Y No Tan Rosa\" rel=\"\"><\/a><figcaption><a href=\"https:\/\/www.vuesdenface.com\/web\/film\/azul-y-no-tan-rosa\/\"><\/a><\/figcaption><\/figure><\/div><\/td><td><article class=\"post-extrait\"><header class=\"extrait-header\"><span class=\"titre-film-h1\"><a rel=\"bookmark\" href=\"https:\/\/www.vuesdenface.com\/web\/film\/azul-y-no-tan-rosa\/\">Azul Y No Tan Rosa<\/a><\/span>&nbsp;&bull;&nbsp;My Straight Son<\/header><i>Drame&nbsp;&bull;&nbsp;Venezuela et Espagne&nbsp;&bull;&nbsp;2013&nbsp;&bull;&nbsp;110 minutes&nbsp;&bull;&nbsp;VOSTF<\/i><br\/><span> Diego partage sa vie entre Fabrizio et le monde exub\u00e9rant de la photo. Il n\u2019a rien partag\u00e9 depuis des ann\u00e9es avec son fils, Armando, qui vit avec sa m\u00e8re en Espagne. Armando d\u00e9barque un jour au V\u00e9n\u00e9zuela avec une valise pleine de reproches. Diego doit alors apprendre \u00e0 conna\u00eetre son fils tout en ...<\/span><a class=\"readmore\" href=\"https:\/\/www.vuesdenface.com\/web\/film\/azul-y-no-tan-rosa\/\">    Continuer la lecture \u2192<\/a><\/td><\/tr><\/table>\n<div class=\"rubrique\"><div class=\"rubrique-icone\"><i class=\"fa fa-picture-o fa-lg\"><\/i><\/div><div class=\"rubrique-texte\">Photos<br><\/div><hr><\/div>\n<div class=\"su-custom-gallery su-custom-gallery-align-left su-custom-gallery-title-hover rel\"><div class=\"su-custom-gallery-slide\" style=\"width:110px;height:110px\"><a><img loading=\"lazy\" decoding=\"async\" src=\"https:\/\/www.vuesdenface.com\/web\/wp-content\/uploads\/2018\/02\/Azul_y_no_tan_Rosa_01-110x110.jpg\" alt=\"Azul_y_no_tan_Rosa_01\" width=\"110\" height=\"110\" \/><span class=\"su-custom-gallery-title\">Azul_y_no_tan_Rosa_01<\/span><\/a><\/div><div class=\"su-custom-gallery-slide\" style=\"width:110px;height:110px\"><a><img loading=\"lazy\" decoding=\"async\" src=\"https:\/\/www.vuesdenface.com\/web\/wp-content\/uploads\/2018\/02\/Azul_y_no_tan_Rosa_02-110x110.jpg\" alt=\"Azul_y_no_tan_Rosa_02\" width=\"110\" height=\"110\" \/><span class=\"su-custom-gallery-title\">Azul_y_no_tan_Rosa_02<\/span><\/a><\/div><div class=\"su-custom-gallery-slide\" style=\"width:110px;height:110px\"><a><img loading=\"lazy\" decoding=\"async\" src=\"https:\/\/www.vuesdenface.com\/web\/wp-content\/uploads\/2018\/02\/Azul_y_no_tan_Rosa_03-110x110.jpg\" alt=\"Azul_y_no_tan_Rosa_03\" width=\"110\" height=\"110\" \/><span class=\"su-custom-gallery-title\">Azul_y_no_tan_Rosa_03<\/span><\/a><\/div><div class=\"su-custom-gallery-slide\" style=\"width:110px;height:110px\"><a><img loading=\"lazy\" decoding=\"async\" src=\"https:\/\/www.vuesdenface.com\/web\/wp-content\/uploads\/2018\/02\/Azul_y_no_tan_Rosa_04-110x110.jpg\" alt=\"Azul_y_no_tan_Rosa_04\" width=\"110\" height=\"110\" \/><span class=\"su-custom-gallery-title\">Azul_y_no_tan_Rosa_04<\/span><\/a><\/div><div class=\"su-clear\"><\/div><\/div>\n","protected":false},"excerpt":{"rendered":"<p>Vues d&rsquo;en Face s&rsquo;associe au Festival Ojo Loco pour vous proposer, le Mardi 13 f\u00e9vrier, une soir\u00e9e \u00e0 l&rsquo;apart\u00e9 sur le campus avec un ap\u00e9ritif v\u00e9n\u00e9zu\u00e9lien \u00e0 19h30 suivi de la projection \u00ab\u00a0d&rsquo;Azul y no tan rosa\u00a0\u00bb \u00e0 20h30. Notez la date sur votre agenda, le Mardi 13 f\u00e9vrier \u00e0 19h30 pour l&rsquo;ap\u00e9ritif et \u00e0 &hellip; <a class=\"readmore\" href=\"https:\/\/www.vuesdenface.com\/web\/azul-y-no-tan-rosa-%e2%80%a2-seance-partenaire-avec-le-festival-ojo-loco\/\">Continuer la lecture &rarr;<\/a><\/p>\n","protected":false},"author":7,"featured_media":10802,"comment_status":"closed","ping_status":"closed","sticky":false,"template":"","format":"standard","meta":{"footnotes":""},"categories":[242],"tags":[377,376,252,375],"class_list":["post-10803","post","type-post","status-publish","format-standard","has-post-thumbnail","hentry","category-actus","tag-amerique-du-sud","tag-enfant","tag-homophobie","tag-venezuela","numero_edition-edition-18","thematique-amerique-du-sud","thematique-enfant","thematique-homophobie","thematique-venezuela"],"_links":{"self":[{"href":"https:\/\/www.vuesdenface.com\/web\/wp-json\/wp\/v2\/posts\/10803","targetHints":{"allow":["GET"]}}],"collection":[{"href":"https:\/\/www.vuesdenface.com\/web\/wp-json\/wp\/v2\/posts"}],"about":[{"href":"https:\/\/www.vuesdenface.com\/web\/wp-json\/wp\/v2\/types\/post"}],"author":[{"embeddable":true,"href":"https:\/\/www.vuesdenface.com\/web\/wp-json\/wp\/v2\/users\/7"}],"replies":[{"embeddable":true,"href":"https:\/\/www.vuesdenface.com\/web\/wp-json\/wp\/v2\/comments?post=10803"}],"version-history":[{"count":5,"href":"https:\/\/www.vuesdenface.com\/web\/wp-json\/wp\/v2\/posts\/10803\/revisions"}],"predecessor-version":[{"id":12309,"href":"https:\/\/www.vuesdenface.com\/web\/wp-json\/wp\/v2\/posts\/10803\/revisions\/12309"}],"wp:featuredmedia":[{"embeddable":true,"href":"https:\/\/www.vuesdenface.com\/web\/wp-json\/wp\/v2\/media\/10802"}],"wp:attachment":[{"href":"https:\/\/www.vuesdenface.com\/web\/wp-json\/wp\/v2\/media?parent=10803"}],"wp:term":[{"taxonomy":"category","embeddable":true,"href":"https:\/\/www.vuesdenface.com\/web\/wp-json\/wp\/v2\/categories?post=10803"},{"taxonomy":"post_tag","embeddable":true,"href":"https:\/\/www.vuesdenface.com\/web\/wp-json\/wp\/v2\/tags?post=10803"}],"curies":[{"name":"wp","href":"https:\/\/api.w.org\/{rel}","templated":true}]}}