{"id":10808,"date":"2018-02-08T12:52:02","date_gmt":"2018-02-08T11:52:02","guid":{"rendered":"http:\/\/www.vuesdenface.com\/web\/?p=10808"},"modified":"2018-02-24T16:59:10","modified_gmt":"2018-02-24T15:59:10","slug":"les-garcons-sauvages-%e2%80%a2-en-partenariat-avec-le-cinema-le-club","status":"publish","type":"post","link":"https:\/\/www.vuesdenface.com\/web\/les-garcons-sauvages-%e2%80%a2-en-partenariat-avec-le-cinema-le-club\/","title":{"rendered":"Les Gar\u00e7ons Sauvages \u2022 En partenariat avec Le cin\u00e9ma Le Club"},"content":{"rendered":"<p>Vues d&rsquo;en Face s&rsquo;associe au Cin\u00e9ma Le Club Grenoble pour vous proposer une avant-premi\u00e8re du film Les Gar\u00e7ons Sauvages en pr\u00e9sence du r\u00e9alisateur le Mardi 13 f\u00e9vrier \u00e0 20h15.<\/p>\n<p>Notez la date sur votre agenda, le Mardi 13 f\u00e9vrier \u00e0 20h15 au cin\u00e9ma le club.<br \/>\n<a href=\"https:\/\/www.vuesdenface.com\/web\/wp-content\/themes\/vdef\/iCalcreator.php\/?start_y=2018&start_m=02&start_d=13&start_h=20&start_min=15&start_sec=00&duree=110&place=Le+Club&films=Les%2Bgar%25C3%25A7ons%2Bsauvages&synopsis=D%C3%A9but+du+vingti%C3%A8me+si%C3%A8cle%2C+suite+%C3%A0+un+crime+qu%E2%80%99ils+ont+commis%2C+cinq+adolescents+de+bonne+famille+sont+confi%C3%A9s+aux+bons+soins+d%E2%80%99un+capitaine+bien+viril+pour+une+croisi%C3%A8re+destin%C3%A9e+%C3%A0+les+remettre+dans+le+droit+chemin.+Les+gar%C3%A7ons+se+mutinent.+Ils+%C3%A9chouent+sur+une+%C3%AEle+sauvage+o%C3%B9+se+m%C3%AAlent+plaisir+et+v%C3%A9g%C3%A9tation+%C2%A0%C2%BBluxure-riante%C2%A0%C2%BB.%0A&url=https%3A%2F%2Fwww.vuesdenface.com%2Fweb%2Ffilm%2Fles-garcons-sauvages%2F&comment=\" class=\"ical\"title=\"Ajouter la s\u00e9ance \u00e0 mon agenda\"><i class=\"fa fa-calendar\">&nbsp;<\/i>&nbsp;<span class=\"lien-ical\">Ajouter \u00e0 l'agenda<\/span><\/a><br\/>.<\/p>\n\n<!-- template extrait_fiche_post --><div id=\"rubrique\" class=\"trailer\"><i class=\"fa fa-film\"><\/i>&nbsp;Fiche film<br><hr><\/div><table class=\"extrait-film\"><tr><td width=\"100\"><div class=\"vignette-affiche-extrait\" width=\"100px\" height=\"150px\"><figure><a href=\"https:\/\/www.vuesdenface.com\/web\/film\/les-garcons-sauvages\/\"><img loading=\"lazy\" decoding=\"async\" src=\"https:\/\/www.vuesdenface.com\/web\/wp-content\/vignettes-vdef\/2018\/02\/100x150\/Les_garcons_sauvages_poster-100x150.jpg\" width=\"100\" height=\"150\" class=\"vignette-affiche-extrait\" alt=\"Les gar\u00e7ons sauvages\" title=\"Les gar\u00e7ons sauvages\" rel=\"\"><\/a><figcaption><a href=\"https:\/\/www.vuesdenface.com\/web\/film\/les-garcons-sauvages\/\"><\/a><\/figcaption><\/figure><\/div><\/td><td><article class=\"post-extrait\"><header class=\"extrait-header\"><span class=\"titre-film-h1\"><a rel=\"bookmark\" href=\"https:\/\/www.vuesdenface.com\/web\/film\/les-garcons-sauvages\/\">Les gar\u00e7ons sauvages<\/a><\/span><\/header><i>Fantastique&nbsp;&bull;&nbsp;France&nbsp;&bull;&nbsp;2016&nbsp;&bull;&nbsp;110 minutes&nbsp;&bull;&nbsp;VF<\/i><br\/><span> D\u00e9but du vingti\u00e8me si\u00e8cle, suite \u00e0 un crime qu\u2019ils ont commis, cinq adolescents de bonne famille sont confi\u00e9s aux bons soins d\u2019un capitaine bien viril pour une croisi\u00e8re destin\u00e9e \u00e0 les remettre dans le droit chemin. Les gar\u00e7ons se mutinent. Ils \u00e9chouent sur une \u00eele sauvage o\u00f9 se m\u00ealent plaisir et ...<\/span><a class=\"readmore\" href=\"https:\/\/www.vuesdenface.com\/web\/film\/les-garcons-sauvages\/\">    Continuer la lecture \u2192<\/a><\/td><\/tr><\/table>\n<div class=\"rubrique\"><div class=\"rubrique-icone\"><i class=\"fa fa-picture-o fa-lg\"><\/i><\/div><div class=\"rubrique-texte\">Photos<br><\/div><hr><\/div>\n<div class=\"su-custom-gallery su-custom-gallery-align-left su-custom-gallery-title-hover rel\"><div class=\"su-custom-gallery-slide\" style=\"width:110px;height:110px\"><a><img loading=\"lazy\" decoding=\"async\" src=\"https:\/\/www.vuesdenface.com\/web\/wp-content\/uploads\/2018\/02\/Les_garcons_sauvages_03-110x110.jpg\" alt=\"Les_garcons_sauvages_03\" width=\"110\" height=\"110\" \/><span class=\"su-custom-gallery-title\">Les_garcons_sauvages_03<\/span><\/a><\/div><div class=\"su-custom-gallery-slide\" style=\"width:110px;height:110px\"><a><img loading=\"lazy\" decoding=\"async\" src=\"https:\/\/www.vuesdenface.com\/web\/wp-content\/uploads\/2018\/02\/Les_garcons_sauvages_04-110x110.jpg\" alt=\"Les_garcons_sauvages_04\" width=\"110\" height=\"110\" \/><span class=\"su-custom-gallery-title\">Les_garcons_sauvages_04<\/span><\/a><\/div><div class=\"su-custom-gallery-slide\" style=\"width:110px;height:110px\"><a><img loading=\"lazy\" decoding=\"async\" src=\"https:\/\/www.vuesdenface.com\/web\/wp-content\/uploads\/2018\/02\/Les_garcons_sauvages_05-110x110.jpg\" alt=\"Les_garcons_sauvages_05\" width=\"110\" height=\"110\" \/><span class=\"su-custom-gallery-title\">Les_garcons_sauvages_05<\/span><\/a><\/div><div class=\"su-custom-gallery-slide\" style=\"width:110px;height:110px\"><a><img loading=\"lazy\" decoding=\"async\" src=\"https:\/\/www.vuesdenface.com\/web\/wp-content\/uploads\/2018\/02\/Les_garcons_sauvages_06-110x110.png\" alt=\"Les_garcons_sauvages_06\" width=\"110\" height=\"110\" \/><span class=\"su-custom-gallery-title\">Les_garcons_sauvages_06<\/span><\/a><\/div><div class=\"su-custom-gallery-slide\" style=\"width:110px;height:110px\"><a><img loading=\"lazy\" decoding=\"async\" src=\"https:\/\/www.vuesdenface.com\/web\/wp-content\/uploads\/2018\/02\/Les_garcons_sauvages_07-110x110.jpg\" alt=\"Les_garcons_sauvages_07\" width=\"110\" height=\"110\" \/><span class=\"su-custom-gallery-title\">Les_garcons_sauvages_07<\/span><\/a><\/div><div class=\"su-custom-gallery-slide\" style=\"width:110px;height:110px\"><a><img loading=\"lazy\" decoding=\"async\" src=\"https:\/\/www.vuesdenface.com\/web\/wp-content\/uploads\/2018\/02\/Les_garcons_sauvages_08-110x110.jpg\" alt=\"Les_garcons_sauvages_08\" width=\"110\" height=\"110\" \/><span class=\"su-custom-gallery-title\">Les_garcons_sauvages_08<\/span><\/a><\/div><div class=\"su-custom-gallery-slide\" style=\"width:110px;height:110px\"><a><img loading=\"lazy\" decoding=\"async\" src=\"https:\/\/www.vuesdenface.com\/web\/wp-content\/uploads\/2018\/02\/Les_garcons_sauvages_01-110x110.jpg\" alt=\"Les_garcons_sauvages_01\" width=\"110\" height=\"110\" \/><span class=\"su-custom-gallery-title\">Les_garcons_sauvages_01<\/span><\/a><\/div><div class=\"su-custom-gallery-slide\" style=\"width:110px;height:110px\"><a><img loading=\"lazy\" decoding=\"async\" src=\"https:\/\/www.vuesdenface.com\/web\/wp-content\/uploads\/2018\/02\/Les_garcons_sauvages_02-110x110.png\" alt=\"Les_garcons_sauvages_02\" width=\"110\" height=\"110\" \/><span class=\"su-custom-gallery-title\">Les_garcons_sauvages_02<\/span><\/a><\/div><div class=\"su-clear\"><\/div><\/div>\n","protected":false},"excerpt":{"rendered":"<p>Vues d&rsquo;en Face s&rsquo;associe au Cin\u00e9ma Le Club Grenoble pour vous proposer une avant-premi\u00e8re du film Les Gar\u00e7ons Sauvages en pr\u00e9sence du r\u00e9alisateur le Mardi 13 f\u00e9vrier \u00e0 20h15. Notez la date sur votre agenda, le Mardi 13 f\u00e9vrier \u00e0 20h15 au cin\u00e9ma le club. .<\/p>\n","protected":false},"author":7,"featured_media":10797,"comment_status":"closed","ping_status":"closed","sticky":false,"template":"","format":"standard","meta":{"footnotes":""},"categories":[242],"tags":[309,585],"class_list":["post-10808","post","type-post","status-publish","format-standard","has-post-thumbnail","hentry","category-actus","tag-ado","tag-fantastique","numero_edition-edition-18","thematique-adolescent","thematique-fantastique"],"_links":{"self":[{"href":"https:\/\/www.vuesdenface.com\/web\/wp-json\/wp\/v2\/posts\/10808","targetHints":{"allow":["GET"]}}],"collection":[{"href":"https:\/\/www.vuesdenface.com\/web\/wp-json\/wp\/v2\/posts"}],"about":[{"href":"https:\/\/www.vuesdenface.com\/web\/wp-json\/wp\/v2\/types\/post"}],"author":[{"embeddable":true,"href":"https:\/\/www.vuesdenface.com\/web\/wp-json\/wp\/v2\/users\/7"}],"replies":[{"embeddable":true,"href":"https:\/\/www.vuesdenface.com\/web\/wp-json\/wp\/v2\/comments?post=10808"}],"version-history":[{"count":2,"href":"https:\/\/www.vuesdenface.com\/web\/wp-json\/wp\/v2\/posts\/10808\/revisions"}],"predecessor-version":[{"id":11295,"href":"https:\/\/www.vuesdenface.com\/web\/wp-json\/wp\/v2\/posts\/10808\/revisions\/11295"}],"wp:featuredmedia":[{"embeddable":true,"href":"https:\/\/www.vuesdenface.com\/web\/wp-json\/wp\/v2\/media\/10797"}],"wp:attachment":[{"href":"https:\/\/www.vuesdenface.com\/web\/wp-json\/wp\/v2\/media?parent=10808"}],"wp:term":[{"taxonomy":"category","embeddable":true,"href":"https:\/\/www.vuesdenface.com\/web\/wp-json\/wp\/v2\/categories?post=10808"},{"taxonomy":"post_tag","embeddable":true,"href":"https:\/\/www.vuesdenface.com\/web\/wp-json\/wp\/v2\/tags?post=10808"}],"curies":[{"name":"wp","href":"https:\/\/api.w.org\/{rel}","templated":true}]}}