{"id":11482,"date":"2018-11-27T12:51:09","date_gmt":"2018-11-27T11:51:09","guid":{"rendered":"http:\/\/www.vuesdenface.com\/web\/?p=11482"},"modified":"2018-11-27T12:53:32","modified_gmt":"2018-11-27T11:53:32","slug":"les-heritieres-premiere-au-cinema-le-melies","status":"publish","type":"post","link":"https:\/\/www.vuesdenface.com\/web\/les-heritieres-premiere-au-cinema-le-melies\/","title":{"rendered":"Les h\u00e9riti\u00e8res, premi\u00e8re au Cin\u00e9ma Le M\u00e9li\u00e8s"},"content":{"rendered":"<p>Venez d\u00e9couvrir en premi\u00e8re le film <i>Les h\u00e9riti\u00e8res<\/i> de Marcello Martinessi.<br \/>\nLa s\u00e9ance aura lieu le mercredi 28 novembre au Cin\u00e9ma Le M\u00e9li\u00e8s de Grenoble \u00e0 19h30.<\/p>\n<p>Notez la date sur votre agenda, le mercredi 28 novembre au Cin\u00e9ma Le M\u00e9li\u00e8s.<br \/>\n<a href=\"https:\/\/www.vuesdenface.com\/web\/wp-content\/themes\/vdef\/iCalcreator.php\/?start_y=2018&start_m=11&start_d=28&start_h=19&start_min=30&start_sec=00&duree=108&place=Le+M%C3%A9li%C3%A8s&films=Les%2Bh%25C3%25A9riti%25C3%25A8res&synopsis=Chela%2C+h%C3%A9riti%C3%A8re+de+la+petite+bourgeoisie+paraguayenne+vit+%C3%A0+Asuncion+avec+Chiquita.+Depuis+trente+ans%2C+elle+profite+avec+sa+compagne+de+l%26rsquo%3Bh%C3%A9ritage+familial%2C+dans+un+monde+repli%C3%A9+sur+lui-m%C3%AAme.+Elle+doit+maintenant+vendre+tous+ses+biens%2C+meubles%2C+bibelots%2C+bijoux+pour+%C3%A9viter+la+faillite+tandis+que+Chiquita%2C+elle%2C+part+purger+en+prison+une+peine+pour+fraude+fiscale.+Rest%C3%A9e+seule%2C+confront%C3%A9e+%C3%A0+une+r%C3%A9alit%C3%A9+dont+elle+ignore+tout%2C+Chela%2C+pour+gagner+un+peu+d%26rsquo%3Bargent+fait+le+taxi+pour+des+femmes+ag%C3%A9es+de+la+bourgeoisie+dans+son+quartier%2C+peut-%C3%AAtre++le+d%C3%A9but+d%26rsquo%3Bune+renaissance%26%238230%3B%0ADans+le+cadre+rigide+d%26rsquo%3Bune+soci%C3%A9t%C3%A9+paragayenne+pleine+de+pr%C3%A9jug%C3%A9s%2C+scl%C3%A9ros%C3%A9e+et+en+proie+%C3%A0+une+pauvret%C3%A9+grandissante%2C+Chela+jusque+l%C3%A0+choy%C3%A9e+%C3%A0+la+maison+et+coup%C3%A9e+du+monde+va+peu+%C3%A0+peu+s%26rsquo%3B%C3%A9manciper%2C+voir+autrement+la+vie+et+les+gens%2C+retrouver+une+libert%C3%A9+et+un+d%C3%A9sir+que+l%26rsquo%3Benfermement+avec+Chiquita+avait+brid%C3%A9s.+Elle+devient+par+l%C3%A0+m%C3%AAme+l%26rsquo%3Ball%C3%A9gorie+d%26rsquo%3Bune+possible+r%C3%A9surrection+d%26rsquo%3Bun+pays+et+d%26rsquo%3Bune+soci%C3%A9t%C3%A9+en+panne%2C+sur+fond+de+crise+%C3%A9conomique+et+politique+r%C3%A9currente+apr%C3%A8s+les+heures+sombres+de+la+dictature.+R%C3%A9cit+de+la+prise+de+conscience+individuelle+d%26rsquo%3Bune+ali%C3%A9nation+affective+et+sociale+%C2%AB+Les+h%C3%A9riti%C3%A8res+%C2%BB+est+en+parall%C3%A8le+l%26rsquo%3Banalyse+subtile+d%26rsquo%3Bune+classe+sociale+qui+se+meurt%2C+encore+enferm%C3%A9e+dans+ses+privil%C3%A8ges%2C+tandis+que+l%C3%A0-bas+en+prison%2C+la+pauvret%C3%A9+et+la+lutte+pour+survivre%2C+pleine+de+bruit+et+de+fureur+disent+une+toute+autre+r%C3%A9alit%C3%A9.%0A&url=https%3A%2F%2Fwww.vuesdenface.com%2Fweb%2Ffilm%2Fles-heritieres%2F&comment=\" class=\"ical\"title=\"Ajouter la s\u00e9ance \u00e0 mon agenda\"><i class=\"fa fa-calendar\">&nbsp;<\/i>&nbsp;<span class=\"lien-ical\">Ajouter \u00e0 l'agenda<\/span><\/a><br\/>.<\/p>\n\n<!-- template extrait_fiche_post --><div id=\"rubrique\" class=\"trailer\"><i class=\"fa fa-film\"><\/i>&nbsp;Fiche film<br><hr><\/div><table class=\"extrait-film\"><tr><td width=\"100\"><div class=\"vignette-affiche-extrait\" width=\"100px\" height=\"150px\"><figure><a href=\"https:\/\/www.vuesdenface.com\/web\/film\/les-heritieres\/\"><img loading=\"lazy\" decoding=\"async\" src=\"https:\/\/www.vuesdenface.com\/web\/wp-content\/vignettes-vdef\/2018\/11\/100x150\/les-h\u00e9riti\u00e8res-100x150.jpg\" width=\"100\" height=\"150\" class=\"vignette-affiche-extrait\" alt=\"Les h\u00e9riti\u00e8res\" title=\"Les h\u00e9riti\u00e8res\" rel=\"\"><\/a><figcaption><a href=\"https:\/\/www.vuesdenface.com\/web\/film\/les-heritieres\/\"><\/a><\/figcaption><\/figure><\/div><\/td><td><article class=\"post-extrait\"><header class=\"extrait-header\"><span class=\"titre-film-h1\"><a rel=\"bookmark\" href=\"https:\/\/www.vuesdenface.com\/web\/film\/les-heritieres\/\">Les h\u00e9riti\u00e8res<\/a><\/span>&nbsp;&bull;&nbsp;Las herederas<\/header><i>2018&nbsp;&bull;&nbsp;108 minutes&nbsp;&bull;&nbsp;VOSTF<\/i><br\/><span> Chela, h\u00e9riti\u00e8re de la petite bourgeoisie paraguayenne vit \u00e0 Asuncion avec Chiquita. Depuis trente ans, elle profite avec sa compagne de l&rsquo;h\u00e9ritage familial, dans un monde repli\u00e9 sur lui-m\u00eame. Elle doit maintenant vendre tous ses biens, meubles, bibelots, bijoux pour \u00e9viter la faillite tandis ...<\/span><a class=\"readmore\" href=\"https:\/\/www.vuesdenface.com\/web\/film\/les-heritieres\/\">    Continuer la lecture \u2192<\/a><\/td><\/tr><\/table>\n<div class=\"rubrique\"><div class=\"rubrique-icone\"><i class=\"fa fa-picture-o fa-lg\"><\/i><\/div><div class=\"rubrique-texte\">Photos<br><\/div><hr><\/div>\n<div class=\"su-custom-gallery su-custom-gallery-align-left su-custom-gallery-title-hover rel\"><div class=\"su-custom-gallery-slide\" style=\"width:110px;height:110px\"><a><img loading=\"lazy\" decoding=\"async\" src=\"https:\/\/www.vuesdenface.com\/web\/wp-content\/uploads\/2018\/11\/les-h\u00e9riti\u00e8res-110x110.jpg\" alt=\"les h\u00e9riti\u00e8res\" width=\"110\" height=\"110\" \/><span class=\"su-custom-gallery-title\">les h\u00e9riti\u00e8res<\/span><\/a><\/div><div class=\"su-clear\"><\/div><\/div>\n","protected":false},"excerpt":{"rendered":"<p>Venez d\u00e9couvrir en premi\u00e8re le film Les h\u00e9riti\u00e8res de Marcello Martinessi. La s\u00e9ance aura lieu le mercredi 28 novembre au Cin\u00e9ma Le M\u00e9li\u00e8s de Grenoble \u00e0 19h30. Notez la date sur votre agenda, le mercredi 28 novembre au Cin\u00e9ma Le M\u00e9li\u00e8s. .<\/p>\n","protected":false},"author":7,"featured_media":11479,"comment_status":"closed","ping_status":"closed","sticky":false,"template":"","format":"standard","meta":{"footnotes":""},"categories":[242],"tags":[257,622],"class_list":["post-11482","post","type-post","status-publish","format-standard","has-post-thumbnail","hentry","category-actus","tag-lesbien","tag-paraguay","numero_edition-623"],"_links":{"self":[{"href":"https:\/\/www.vuesdenface.com\/web\/wp-json\/wp\/v2\/posts\/11482","targetHints":{"allow":["GET"]}}],"collection":[{"href":"https:\/\/www.vuesdenface.com\/web\/wp-json\/wp\/v2\/posts"}],"about":[{"href":"https:\/\/www.vuesdenface.com\/web\/wp-json\/wp\/v2\/types\/post"}],"author":[{"embeddable":true,"href":"https:\/\/www.vuesdenface.com\/web\/wp-json\/wp\/v2\/users\/7"}],"replies":[{"embeddable":true,"href":"https:\/\/www.vuesdenface.com\/web\/wp-json\/wp\/v2\/comments?post=11482"}],"version-history":[{"count":1,"href":"https:\/\/www.vuesdenface.com\/web\/wp-json\/wp\/v2\/posts\/11482\/revisions"}],"predecessor-version":[{"id":11485,"href":"https:\/\/www.vuesdenface.com\/web\/wp-json\/wp\/v2\/posts\/11482\/revisions\/11485"}],"wp:featuredmedia":[{"embeddable":true,"href":"https:\/\/www.vuesdenface.com\/web\/wp-json\/wp\/v2\/media\/11479"}],"wp:attachment":[{"href":"https:\/\/www.vuesdenface.com\/web\/wp-json\/wp\/v2\/media?parent=11482"}],"wp:term":[{"taxonomy":"category","embeddable":true,"href":"https:\/\/www.vuesdenface.com\/web\/wp-json\/wp\/v2\/categories?post=11482"},{"taxonomy":"post_tag","embeddable":true,"href":"https:\/\/www.vuesdenface.com\/web\/wp-json\/wp\/v2\/tags?post=11482"}],"curies":[{"name":"wp","href":"https:\/\/api.w.org\/{rel}","templated":true}]}}