{"id":12448,"date":"2019-11-29T09:56:50","date_gmt":"2019-11-29T08:56:50","guid":{"rendered":"https:\/\/www.vuesdenface.com\/web\/?p=12448"},"modified":"2019-12-01T17:00:45","modified_gmt":"2019-12-01T16:00:45","slug":"vues-den-face-partenaire-de-la-projection-du-film-ocean","status":"publish","type":"post","link":"https:\/\/www.vuesdenface.com\/web\/vues-den-face-partenaire-de-la-projection-du-film-ocean\/","title":{"rendered":"Vues d&rsquo;en Face vous invite \u00e0 la projection du film Oc\u00e9an"},"content":{"rendered":"\n<p style=\"text-align: center;\"><iframe loading=\"lazy\" src=\"\/\/player.vimeo.com\/video\/364029215?title=0&amp;byline=0&amp;portrait=0&amp;color=8dc7dc\" width=\"425\" height=\"350\" allowfullscreen=\"allowfullscreen\"><\/iframe><\/p>\n<p style=\"text-align: center;\">Vues d&rsquo;en Face, en partenariat avec Arizona Distribution, vous pr\u00e9sente le nouveau film d&rsquo;Oc\u00e9an:<\/p>\n<p style=\"text-align: center;\"><strong>Oc\u00e9an<\/strong><\/p>\n<p style=\"text-align: center;\">Rendez-vous <strong>mardi 10 d\u00e9cembre \u00e0 20h15 au cin\u00e9ma Le Club<\/strong> de Grenoble et <strong>venez<\/strong> <strong>rencontrer le r\u00e9alisateur<\/strong> apr\u00e8s la projection!<\/p>\n<p>Autoportrait intime, sur toute une ann\u00e9e, d\u2019un homme transgenre que les gens connaissaient jusque-l\u00e0 sous le nom d\u2019Oc\u00e9anerosemarie. Enfin pr\u00eat \u00e0 affronter le regard social, Oc\u00e9an d\u00e9cide de faire son coming out, de changer de genre et de s\u2019affirmer tel qu\u2019il est : un homme trans. Dr\u00f4les, sinc\u00e8res, bouleversants, comment Oc\u00e9an et son entourage vont-ils traverser chacune des \u00e9tapes physiques, psychologiques et sentimentales de cette transition \u00a0\u00bb Femme vers Homme \u00a0\u00bb ?<\/p>\n<p>Pays : France<br \/>Dur\u00e9e : 111min<br \/>Langue : VF<\/p>\n<p style=\"text-align: center;\"><strong>Un film plein d&rsquo; \u00ab Humour, p\u00e9dagogie et authenticit\u00e9 \u00bb par Les Inrockuptibles et \u00ab Frappant de sinc\u00e9rit\u00e9 \u00bb pour T\u00e9l\u00e9rama<\/strong><\/p>\n<p style=\"text-align: right;\">L&rsquo;\u00e9quipe Vues d&rsquo;en Face<\/p>\n","protected":false},"excerpt":{"rendered":"<p>Vues d&rsquo;en Face, en partenariat avec Arizona Distribution, vous pr\u00e9sente le nouveau film d&rsquo;Oc\u00e9an: Oc\u00e9an Rendez-vous mardi 10 d\u00e9cembre \u00e0 20h15 au cin\u00e9ma Le Club de Grenoble et venez rencontrer le r\u00e9alisateur apr\u00e8s la projection! Autoportrait intime, sur toute une ann\u00e9e, d\u2019un homme transgenre que les gens connaissaient jusque-l\u00e0 sous le nom d\u2019Oc\u00e9anerosemarie. Enfin pr\u00eat &hellip; <a class=\"readmore\" href=\"https:\/\/www.vuesdenface.com\/web\/vues-den-face-partenaire-de-la-projection-du-film-ocean\/\">Continuer la lecture &rarr;<\/a><\/p>\n","protected":false},"author":2,"featured_media":12443,"comment_status":"closed","ping_status":"closed","sticky":false,"template":"","format":"standard","meta":{"footnotes":""},"categories":[242,328,233],"tags":[],"class_list":["post-12448","post","type-post","status-publish","format-standard","has-post-thumbnail","hentry","category-actus","category-evenements","category-partenaires"],"_links":{"self":[{"href":"https:\/\/www.vuesdenface.com\/web\/wp-json\/wp\/v2\/posts\/12448","targetHints":{"allow":["GET"]}}],"collection":[{"href":"https:\/\/www.vuesdenface.com\/web\/wp-json\/wp\/v2\/posts"}],"about":[{"href":"https:\/\/www.vuesdenface.com\/web\/wp-json\/wp\/v2\/types\/post"}],"author":[{"embeddable":true,"href":"https:\/\/www.vuesdenface.com\/web\/wp-json\/wp\/v2\/users\/2"}],"replies":[{"embeddable":true,"href":"https:\/\/www.vuesdenface.com\/web\/wp-json\/wp\/v2\/comments?post=12448"}],"version-history":[{"count":5,"href":"https:\/\/www.vuesdenface.com\/web\/wp-json\/wp\/v2\/posts\/12448\/revisions"}],"predecessor-version":[{"id":12455,"href":"https:\/\/www.vuesdenface.com\/web\/wp-json\/wp\/v2\/posts\/12448\/revisions\/12455"}],"wp:featuredmedia":[{"embeddable":true,"href":"https:\/\/www.vuesdenface.com\/web\/wp-json\/wp\/v2\/media\/12443"}],"wp:attachment":[{"href":"https:\/\/www.vuesdenface.com\/web\/wp-json\/wp\/v2\/media?parent=12448"}],"wp:term":[{"taxonomy":"category","embeddable":true,"href":"https:\/\/www.vuesdenface.com\/web\/wp-json\/wp\/v2\/categories?post=12448"},{"taxonomy":"post_tag","embeddable":true,"href":"https:\/\/www.vuesdenface.com\/web\/wp-json\/wp\/v2\/tags?post=12448"}],"curies":[{"name":"wp","href":"https:\/\/api.w.org\/{rel}","templated":true}]}}