{"id":12506,"date":"2020-02-14T18:08:33","date_gmt":"2020-02-14T17:08:33","guid":{"rendered":"https:\/\/www.vuesdenface.com\/web\/?p=12506"},"modified":"2020-02-14T18:08:35","modified_gmt":"2020-02-14T17:08:35","slug":"seance-retrospective-alata","status":"publish","type":"post","link":"https:\/\/www.vuesdenface.com\/web\/seance-retrospective-alata\/","title":{"rendered":"S\u00e9ance r\u00e9trospective : ALATA"},"content":{"rendered":"\n<p style=\"text-align: center;\"><iframe loading=\"lazy\" src=\"\/\/www.youtube.com\/embed\/A0p-Jj7Djc0?feature=emb_title\" width=\"560\" height=\"314\" allowfullscreen=\"allowfullscreen\"><\/iframe><\/p>\n<p style=\"text-align: center;\">Vues d&rsquo;en Face f\u00eate cette ann\u00e9e ses 20 ans de festival. Pour l\u2019occasion, <strong>plusieurs s\u00e9ances de r\u00e9trospective vous permettront de d\u00e9couvrir ou red\u00e9couvrir les grands films qui ont marqu\u00e9 l&rsquo;histoire du festival.<\/strong><\/p>\n<p style=\"text-align: center;\">Pour cette premi\u00e8re s\u00e9ance r\u00e9trospective, Vues d&rsquo;en Face vous pr\u00e9sente le film am\u00e9ricano-isra\u00eblien <strong>ALATA<\/strong> r\u00e9alis\u00e9 par Michael Mayer. Diffus\u00e9 lors de la 12\u00e8me \u00e9dition du festival Vues d&rsquo;en Face <strong>vous aviez \u00e9lu ce film \u00ab\u00a0Prix du Public 2012 &#8211; Cat\u00e9gorie Long M\u00e9trage\u00a0\u00bb<\/strong><\/p>\n<p>Quand Nimer, \u00e9tudiant palestinien, rencontre Roy, avocat isra\u00e9lien, \u00e0 Tel Aviv, il n\u2019est pas cens\u00e9 \u00eatre de ce c\u00f4t\u00e9 du mur. De retour chez lui, il risque sa vie si leur relation est d\u00e9couverte. Il r\u00eave d\u2019apprendre, il r\u00eave d\u2019ailleurs ; un laissez-passer inesp\u00e9r\u00e9 lui permet d\u2019aller \u00e9tudier du bon c\u00f4t\u00e9 : celui o\u00f9 il pourrait voir Roy en toute qui\u00e9tude. Moments furtifs et forts sur fond d\u2019angoisse. Beaucoup d\u2019autres, dont les services secrets, ne l\u2019entendent pas ainsi. Face aux siens, Nimer devra choisir : vivre son amour ou se conformer aux r\u00e8gles \u00e9tablies.<\/p>\n<p>\u00ab\u00a0Sans concession, ce film d\u00e9crit avec justesse une histoire d\u2019Amour qui transcende religion et politique.\u00a0\u00bb<\/p>\n<h4 style=\"text-align: center;\">Pour replonger dans l&rsquo;histoire de Nimer et Roy, rendez-vous au cin\u00e9ma Le Club mardi 25 f\u00e9vrier \u00e0 20h15.<\/h4>\n<p style=\"text-align: right;\">L&rsquo;\u00e9quipe Vues d&rsquo;en Face<\/p>\n","protected":false},"excerpt":{"rendered":"<p>Vues d&rsquo;en Face f\u00eate cette ann\u00e9e ses 20 ans de festival. Pour l\u2019occasion, plusieurs s\u00e9ances de r\u00e9trospective vous permettront de d\u00e9couvrir ou red\u00e9couvrir les grands films qui ont marqu\u00e9 l&rsquo;histoire du festival. Pour cette premi\u00e8re s\u00e9ance r\u00e9trospective, Vues d&rsquo;en Face vous pr\u00e9sente le film am\u00e9ricano-isra\u00eblien ALATA r\u00e9alis\u00e9 par Michael Mayer. Diffus\u00e9 lors de la 12\u00e8me &hellip; <a class=\"readmore\" href=\"https:\/\/www.vuesdenface.com\/web\/seance-retrospective-alata\/\">Continuer la lecture &rarr;<\/a><\/p>\n","protected":false},"author":2,"featured_media":12508,"comment_status":"closed","ping_status":"closed","sticky":false,"template":"","format":"standard","meta":{"footnotes":""},"categories":[242,733],"tags":[],"class_list":["post-12506","post","type-post","status-publish","format-standard","has-post-thumbnail","hentry","category-actus","category-retrospective"],"_links":{"self":[{"href":"https:\/\/www.vuesdenface.com\/web\/wp-json\/wp\/v2\/posts\/12506","targetHints":{"allow":["GET"]}}],"collection":[{"href":"https:\/\/www.vuesdenface.com\/web\/wp-json\/wp\/v2\/posts"}],"about":[{"href":"https:\/\/www.vuesdenface.com\/web\/wp-json\/wp\/v2\/types\/post"}],"author":[{"embeddable":true,"href":"https:\/\/www.vuesdenface.com\/web\/wp-json\/wp\/v2\/users\/2"}],"replies":[{"embeddable":true,"href":"https:\/\/www.vuesdenface.com\/web\/wp-json\/wp\/v2\/comments?post=12506"}],"version-history":[{"count":2,"href":"https:\/\/www.vuesdenface.com\/web\/wp-json\/wp\/v2\/posts\/12506\/revisions"}],"predecessor-version":[{"id":12509,"href":"https:\/\/www.vuesdenface.com\/web\/wp-json\/wp\/v2\/posts\/12506\/revisions\/12509"}],"wp:featuredmedia":[{"embeddable":true,"href":"https:\/\/www.vuesdenface.com\/web\/wp-json\/wp\/v2\/media\/12508"}],"wp:attachment":[{"href":"https:\/\/www.vuesdenface.com\/web\/wp-json\/wp\/v2\/media?parent=12506"}],"wp:term":[{"taxonomy":"category","embeddable":true,"href":"https:\/\/www.vuesdenface.com\/web\/wp-json\/wp\/v2\/categories?post=12506"},{"taxonomy":"post_tag","embeddable":true,"href":"https:\/\/www.vuesdenface.com\/web\/wp-json\/wp\/v2\/tags?post=12506"}],"curies":[{"name":"wp","href":"https:\/\/api.w.org\/{rel}","templated":true}]}}