{"id":12996,"date":"2020-10-26T21:45:42","date_gmt":"2020-10-26T20:45:42","guid":{"rendered":"https:\/\/www.vuesdenface.com\/web\/?p=12996"},"modified":"2020-10-26T21:45:44","modified_gmt":"2020-10-26T20:45:44","slug":"mon-enfant-ma-bataille-35-ans-dhistoire-sur-lhomoparentalite-en-france","status":"publish","type":"post","link":"https:\/\/www.vuesdenface.com\/web\/mon-enfant-ma-bataille-35-ans-dhistoire-sur-lhomoparentalite-en-france\/","title":{"rendered":"\u00ab\u00a0Mon enfant, Ma bataille\u00a0\u00bb   35 ans d&rsquo;histoire sur  l&rsquo;homoparentalit\u00e9 en France"},"content":{"rendered":"\n<p style=\"text-align: center;\"><iframe loading=\"lazy\" src=\"\/\/player.vimeo.com\/video\/308306417?title=0&amp;amp;byline=0\" width=\"425\" height=\"350\" allowfullscreen=\"allowfullscreen\"><\/iframe><\/p>\n<h3 style=\"text-align: center;\"><span style=\"color: #808080;\"><em>Une histoire loin d&rsquo;\u00eatre achev\u00e9e&#8230;<\/em><\/span><\/h3>\n<div class=\"o9v6fnle cxmmr5t8 oygrvhab hcukyx3x c1et5uql\"><em>En s\u2019appuyant sur de nombreux t\u00e9moignages (enfants, familles concern\u00e9es, chercheurs, m\u00e9decins, institutionnels, juristes, politiques et penseurs) sur diff\u00e9rentes formes de faire famille (PMA, IAD, ROPA, GPA, adoption, co-parentalit\u00e9, multiparentalit\u00e9, monoparentalit\u00e9, transparentalit\u00e9..) et des documents d\u2019archives (PACS, mariage pour toutes &amp; tous, manifestations, d\u00e9bats sur la bio\u00e9thique\u2026) <\/em><\/div>\n<div>\u00a0<\/div>\n<div class=\"o9v6fnle cxmmr5t8 oygrvhab hcukyx3x c1et5uql\"><em>\u00c9milie Jouvet, donne la parole \u00e0 celles et ceux qui font ou ont fait, par leurs choix personnels, leurs engagements et leurs luttes collectives, l\u2019histoire de l\u2019homoparentalit\u00e9 en France depuis 1986. <br \/><\/em><\/div>\n<div>\u00a0<\/div>\n<h4 style=\"text-align: center;\"><span style=\"color: #808080;\">Apr\u00e8s la s\u00e9ance, nous serons invit\u00e9\u00b7e\u00b7s \u00e0 \u00e9changer avec Marie Bretier de l&rsquo;APGL Rh\u00f4ne Alpes qui sera accompagn\u00e9e des membres APGL de l&rsquo;antenne de Grenoble<\/span><\/h4>\n<h4 style=\"text-align: center;\"><strong><span style=\"color: #999999;\">Nous vous attendons <\/span><\/strong><\/h4>\n<h1 style=\"text-align: center;\"><strong><span style=\"color: #999999;\">le Samedi 31 octobre 2020 \u00e0 15h30 <\/span><\/strong><\/h1>\n<h1 style=\"text-align: center;\"><strong><span style=\"color: #999999;\">Biblioth\u00e8que municipale Kateb Yacine<\/span><\/strong><\/h1>\n<div>\u00a0<\/div>\n<div class=\"o9v6fnle cxmmr5t8 oygrvhab hcukyx3x c1et5uql\" style=\"text-align: left;\"><em>Infos pratiques :<\/em><br \/><em>Nombre de places limit\u00e9es \u00e0 <strong>45 personnes<\/strong><\/em><br \/><em>Port du masque obligatoire<\/em><\/div>\n","protected":false},"excerpt":{"rendered":"<p>Une histoire loin d&rsquo;\u00eatre achev\u00e9e&#8230; En s\u2019appuyant sur de nombreux t\u00e9moignages (enfants, familles concern\u00e9es, chercheurs, m\u00e9decins, institutionnels, juristes, politiques et penseurs) sur diff\u00e9rentes formes de faire famille (PMA, IAD, ROPA, GPA, adoption, co-parentalit\u00e9, multiparentalit\u00e9, monoparentalit\u00e9, transparentalit\u00e9..) et des documents d\u2019archives (PACS, mariage pour toutes &amp; tous, manifestations, d\u00e9bats sur la bio\u00e9thique\u2026) \u00a0 \u00c9milie Jouvet, donne &hellip; <a class=\"readmore\" href=\"https:\/\/www.vuesdenface.com\/web\/mon-enfant-ma-bataille-35-ans-dhistoire-sur-lhomoparentalite-en-france\/\">Continuer la lecture &rarr;<\/a><\/p>\n","protected":false},"author":2,"featured_media":12944,"comment_status":"closed","ping_status":"closed","sticky":false,"template":"","format":"standard","meta":{"footnotes":""},"categories":[242,233],"tags":[],"class_list":["post-12996","post","type-post","status-publish","format-standard","has-post-thumbnail","hentry","category-actus","category-partenaires"],"_links":{"self":[{"href":"https:\/\/www.vuesdenface.com\/web\/wp-json\/wp\/v2\/posts\/12996","targetHints":{"allow":["GET"]}}],"collection":[{"href":"https:\/\/www.vuesdenface.com\/web\/wp-json\/wp\/v2\/posts"}],"about":[{"href":"https:\/\/www.vuesdenface.com\/web\/wp-json\/wp\/v2\/types\/post"}],"author":[{"embeddable":true,"href":"https:\/\/www.vuesdenface.com\/web\/wp-json\/wp\/v2\/users\/2"}],"replies":[{"embeddable":true,"href":"https:\/\/www.vuesdenface.com\/web\/wp-json\/wp\/v2\/comments?post=12996"}],"version-history":[{"count":5,"href":"https:\/\/www.vuesdenface.com\/web\/wp-json\/wp\/v2\/posts\/12996\/revisions"}],"predecessor-version":[{"id":13001,"href":"https:\/\/www.vuesdenface.com\/web\/wp-json\/wp\/v2\/posts\/12996\/revisions\/13001"}],"wp:featuredmedia":[{"embeddable":true,"href":"https:\/\/www.vuesdenface.com\/web\/wp-json\/wp\/v2\/media\/12944"}],"wp:attachment":[{"href":"https:\/\/www.vuesdenface.com\/web\/wp-json\/wp\/v2\/media?parent=12996"}],"wp:term":[{"taxonomy":"category","embeddable":true,"href":"https:\/\/www.vuesdenface.com\/web\/wp-json\/wp\/v2\/categories?post=12996"},{"taxonomy":"post_tag","embeddable":true,"href":"https:\/\/www.vuesdenface.com\/web\/wp-json\/wp\/v2\/tags?post=12996"}],"curies":[{"name":"wp","href":"https:\/\/api.w.org\/{rel}","templated":true}]}}