{"id":13050,"date":"2021-04-27T20:21:59","date_gmt":"2021-04-27T19:21:59","guid":{"rendered":"https:\/\/www.vuesdenface.com\/web\/?p=13050"},"modified":"2021-05-03T18:30:02","modified_gmt":"2021-05-03T17:30:02","slug":"vues-den-face-devoile-son-visuel-2021","status":"publish","type":"post","link":"https:\/\/www.vuesdenface.com\/web\/vues-den-face-devoile-son-visuel-2021\/","title":{"rendered":"Vues d&rsquo;en Face d\u00e9voile son visuel 2021"},"content":{"rendered":"\n<p>Vues d&rsquo;en Face vous pr\u00e9sente le visuel de sa 21e \u00e9dition. <br>Celui-ci a \u00e9t\u00e9 r\u00e9alis\u00e9 par Magali Grimaldi, \u00e9tudiante \u00e0 l&rsquo;\u00e9cole sup\u00e9rieure de cr\u00e9ation graphique SUPCREA.<\/p>\n\n\n\n<p>Ce magnifique travail se d\u00e9cline en trois versions qui nous accompagnerons tout au long de l&rsquo;ann\u00e9e.<br>R\u00e9alis\u00e9e avec la technique du \u201cone line drawing\u201d (ou \u201cline art\u201d), style de dessin utilisant un seul et m\u00eame trait continu : le r\u00e9sultat est tr\u00e8s \u00e9pur\u00e9. Belle performance !<\/p>\n\n\n\n<div class=\"su-custom-gallery su-custom-gallery-align-left su-custom-gallery-title-hover rel\"><div class=\"su-custom-gallery-slide\" style=\"width:185px;height:260px\"><a href=\"https:\/\/www.vuesdenface.com\/web\/wp-content\/uploads\/2021\/05\/Affiche-VDEF-2021-bleue.png\" target=\"_blank\" title=\"Affiche-VDEF-2021-bleue\"><img loading=\"lazy\" decoding=\"async\" src=\"https:\/\/www.vuesdenface.com\/web\/wp-content\/uploads\/2021\/05\/Affiche-VDEF-2021-bleue-185x260.png\" alt=\"Affiche-VDEF-2021-bleue\" width=\"185\" height=\"260\" \/><span class=\"su-custom-gallery-title\">Affiche-VDEF-2021-bleue<\/span><\/a><\/div><div class=\"su-custom-gallery-slide\" style=\"width:185px;height:260px\"><a href=\"https:\/\/www.vuesdenface.com\/web\/wp-content\/uploads\/2021\/05\/Affiche-VDEF-2021-rose.png\" target=\"_blank\" title=\"Affiche-VDEF-2021-rose\"><img loading=\"lazy\" decoding=\"async\" src=\"https:\/\/www.vuesdenface.com\/web\/wp-content\/uploads\/2021\/05\/Affiche-VDEF-2021-rose-185x260.png\" alt=\"Affiche-VDEF-2021-rose\" width=\"185\" height=\"260\" \/><span class=\"su-custom-gallery-title\">Affiche-VDEF-2021-rose<\/span><\/a><\/div><div class=\"su-custom-gallery-slide\" style=\"width:185px;height:260px\"><a href=\"https:\/\/www.vuesdenface.com\/web\/wp-content\/uploads\/2021\/05\/Affiche-VDEF-2021-verte.png\" target=\"_blank\" title=\"Affiche-VDEF-2021-verte\"><img loading=\"lazy\" decoding=\"async\" src=\"https:\/\/www.vuesdenface.com\/web\/wp-content\/uploads\/2021\/05\/Affiche-VDEF-2021-verte-185x260.png\" alt=\"Affiche-VDEF-2021-verte\" width=\"185\" height=\"260\" \/><span class=\"su-custom-gallery-title\">Affiche-VDEF-2021-verte<\/span><\/a><\/div><div class=\"su-clear\"><\/div><\/div>\n","protected":false},"excerpt":{"rendered":"<p>Vues d&rsquo;en Face vous pr\u00e9sente le visuel de sa 21e \u00e9dition. Celui-ci a \u00e9t\u00e9 r\u00e9alis\u00e9 par Magali Grimaldi, \u00e9tudiante \u00e0 l&rsquo;\u00e9cole sup\u00e9rieure de cr\u00e9ation graphique SUPCREA. Ce magnifique travail se d\u00e9cline en trois versions qui nous accompagnerons tout au long de l&rsquo;ann\u00e9e.R\u00e9alis\u00e9e avec la technique du \u201cone line drawing\u201d (ou \u201cline art\u201d), style de dessin &hellip; <a class=\"readmore\" href=\"https:\/\/www.vuesdenface.com\/web\/vues-den-face-devoile-son-visuel-2021\/\">Continuer la lecture &rarr;<\/a><\/p>\n","protected":false},"author":7,"featured_media":13084,"comment_status":"closed","ping_status":"closed","sticky":false,"template":"","format":"standard","meta":{"footnotes":""},"categories":[242],"tags":[],"class_list":["post-13050","post","type-post","status-publish","format-standard","has-post-thumbnail","hentry","category-actus"],"_links":{"self":[{"href":"https:\/\/www.vuesdenface.com\/web\/wp-json\/wp\/v2\/posts\/13050","targetHints":{"allow":["GET"]}}],"collection":[{"href":"https:\/\/www.vuesdenface.com\/web\/wp-json\/wp\/v2\/posts"}],"about":[{"href":"https:\/\/www.vuesdenface.com\/web\/wp-json\/wp\/v2\/types\/post"}],"author":[{"embeddable":true,"href":"https:\/\/www.vuesdenface.com\/web\/wp-json\/wp\/v2\/users\/7"}],"replies":[{"embeddable":true,"href":"https:\/\/www.vuesdenface.com\/web\/wp-json\/wp\/v2\/comments?post=13050"}],"version-history":[{"count":10,"href":"https:\/\/www.vuesdenface.com\/web\/wp-json\/wp\/v2\/posts\/13050\/revisions"}],"predecessor-version":[{"id":13088,"href":"https:\/\/www.vuesdenface.com\/web\/wp-json\/wp\/v2\/posts\/13050\/revisions\/13088"}],"wp:featuredmedia":[{"embeddable":true,"href":"https:\/\/www.vuesdenface.com\/web\/wp-json\/wp\/v2\/media\/13084"}],"wp:attachment":[{"href":"https:\/\/www.vuesdenface.com\/web\/wp-json\/wp\/v2\/media?parent=13050"}],"wp:term":[{"taxonomy":"category","embeddable":true,"href":"https:\/\/www.vuesdenface.com\/web\/wp-json\/wp\/v2\/categories?post=13050"},{"taxonomy":"post_tag","embeddable":true,"href":"https:\/\/www.vuesdenface.com\/web\/wp-json\/wp\/v2\/tags?post=13050"}],"curies":[{"name":"wp","href":"https:\/\/api.w.org\/{rel}","templated":true}]}}