{"id":13369,"date":"2021-09-06T07:46:52","date_gmt":"2021-09-06T06:46:52","guid":{"rendered":"https:\/\/www.vuesdenface.com\/web\/?p=13369"},"modified":"2021-09-06T11:17:29","modified_gmt":"2021-09-06T10:17:29","slug":"retour-en-image-sur-le-forum-des-associations-2021","status":"publish","type":"post","link":"https:\/\/www.vuesdenface.com\/web\/retour-en-image-sur-le-forum-des-associations-2021\/","title":{"rendered":"Retour en image sur le forum des associations 2021"},"content":{"rendered":"\n<p style=\"text-align: center;\">Ce samedi 4 septembre 2021, et pour la premi\u00e8re fois, Vues d&rsquo;En Face vous a donn\u00e9 rendez-vous au forum des associations au Palais des Sports de Grenoble.<\/p>\n<p style=\"text-align: center;\">Notre stand a connu un beau succ\u00e8s et vous avez \u00e9t\u00e9 nombreux \u00e0 venir \u00e0 la rencontre des membres de l&rsquo;association.<\/p>\n<p style=\"text-align: center;\">Vous avez \u00e9galement pu d\u00e9couvrir en exclusivit\u00e9 le programme de la 21e \u00e9dition qui se d\u00e9roulera au cin\u00e9ma Le Club du 30 septembre au 3 octobre.<\/p>\n<p style=\"text-align: center;\">Retour en image sur cette journ\u00e9e.<\/p>\n<div style=\"width: 642px;\" class=\"wp-video\"><video class=\"wp-video-shortcode\" id=\"video-13369-1\" width=\"642\" height=\"1398\" preload=\"metadata\" controls=\"controls\"><source type=\"video\/mp4\" src=\"https:\/\/www.vuesdenface.com\/web\/wp-content\/uploads\/2021\/09\/VID_20210904132431.mp4?_=1\" \/><a href=\"https:\/\/www.vuesdenface.com\/web\/wp-content\/uploads\/2021\/09\/VID_20210904132431.mp4\">https:\/\/www.vuesdenface.com\/web\/wp-content\/uploads\/2021\/09\/VID_20210904132431.mp4<\/a><\/video><\/div>\n<p>\u00a0<\/p>\n<p style=\"text-align: center;\">Merci \u00e0 tous et toutes et \u00e0 tr\u00e8s bient\u00f4t<\/p>\n<p style=\"text-align: right;\">L&rsquo;\u00e9quipe Vues d&rsquo;En Face<\/p>\n<p style=\"text-align: center;\">\u00a0<\/p>\n<p style=\"text-align: center;\">\u00a0<\/p>\n<p style=\"text-align: center;\">\u00a0<\/p>\n<p style=\"text-align: center;\">\u00a0<\/p>\n<p style=\"text-align: center;\">\u00a0<\/p>\n","protected":false},"excerpt":{"rendered":"<p>Ce samedi 4 septembre 2021, et pour la premi\u00e8re fois, Vues d&rsquo;En Face vous a donn\u00e9 rendez-vous au forum des associations au Palais des Sports de Grenoble. Notre stand a connu un beau succ\u00e8s et vous avez \u00e9t\u00e9 nombreux \u00e0 venir \u00e0 la rencontre des membres de l&rsquo;association. Vous avez \u00e9galement pu d\u00e9couvrir en exclusivit\u00e9 &hellip; <a class=\"readmore\" href=\"https:\/\/www.vuesdenface.com\/web\/retour-en-image-sur-le-forum-des-associations-2021\/\">Continuer la lecture &rarr;<\/a><\/p>\n","protected":false},"author":2,"featured_media":13397,"comment_status":"closed","ping_status":"closed","sticky":false,"template":"","format":"standard","meta":{"footnotes":""},"categories":[242],"tags":[],"class_list":["post-13369","post","type-post","status-publish","format-standard","has-post-thumbnail","hentry","category-actus"],"_links":{"self":[{"href":"https:\/\/www.vuesdenface.com\/web\/wp-json\/wp\/v2\/posts\/13369","targetHints":{"allow":["GET"]}}],"collection":[{"href":"https:\/\/www.vuesdenface.com\/web\/wp-json\/wp\/v2\/posts"}],"about":[{"href":"https:\/\/www.vuesdenface.com\/web\/wp-json\/wp\/v2\/types\/post"}],"author":[{"embeddable":true,"href":"https:\/\/www.vuesdenface.com\/web\/wp-json\/wp\/v2\/users\/2"}],"replies":[{"embeddable":true,"href":"https:\/\/www.vuesdenface.com\/web\/wp-json\/wp\/v2\/comments?post=13369"}],"version-history":[{"count":5,"href":"https:\/\/www.vuesdenface.com\/web\/wp-json\/wp\/v2\/posts\/13369\/revisions"}],"predecessor-version":[{"id":13399,"href":"https:\/\/www.vuesdenface.com\/web\/wp-json\/wp\/v2\/posts\/13369\/revisions\/13399"}],"wp:featuredmedia":[{"embeddable":true,"href":"https:\/\/www.vuesdenface.com\/web\/wp-json\/wp\/v2\/media\/13397"}],"wp:attachment":[{"href":"https:\/\/www.vuesdenface.com\/web\/wp-json\/wp\/v2\/media?parent=13369"}],"wp:term":[{"taxonomy":"category","embeddable":true,"href":"https:\/\/www.vuesdenface.com\/web\/wp-json\/wp\/v2\/categories?post=13369"},{"taxonomy":"post_tag","embeddable":true,"href":"https:\/\/www.vuesdenface.com\/web\/wp-json\/wp\/v2\/tags?post=13369"}],"curies":[{"name":"wp","href":"https:\/\/api.w.org\/{rel}","templated":true}]}}