{"id":14988,"date":"2024-02-10T13:21:40","date_gmt":"2024-02-10T12:21:40","guid":{"rendered":"https:\/\/www.vuesdenface.com\/web\/?p=14988"},"modified":"2024-04-23T18:48:14","modified_gmt":"2024-04-23T17:48:14","slug":"20-000-especes-dabeilles","status":"publish","type":"post","link":"https:\/\/www.vuesdenface.com\/web\/20-000-especes-dabeilles\/","title":{"rendered":"20 000 Esp\u00e8ces d&rsquo;Abeilles"},"content":{"rendered":"\n<p>Retrouvez l&rsquo;\u00e9quipe Vues d&rsquo;en Face au cin\u00e9ma Le Club pour la sortie de 20 000 Esp\u00e8ces d&rsquo;Abeilles le mercredi 14 f\u00e9vrier \u00e0 20h30 !<\/p>\n\n\n\n<p>Coc\u00f3, huit ans, a bien du mal \u00e0 savoir qui elle est. Au cours d\u2019un \u00e9t\u00e9 pass\u00e9 parmi les ruches du Pays Basque, elle \u00e9veille sa singularit\u00e9 au sein des femmes de sa famille, elles-m\u00eames en proie au doute. Dans un monde o\u00f9 il existe 20 000 esp\u00e8ces d\u2019abeilles diff\u00e9rentes, il existe forc\u00e9ment une identit\u00e9 qui corresponde \u00e0 Coc\u00f3\u2026<\/p>\n\n\n\n<p>Plus d&rsquo;infos sur le site du cin\u00e9ma Le Club :<br><a href=\"https:\/\/cinemaleclub.com\/film--298874.html\" target=\"_blank\" rel=\"noreferrer noopener\">https:\/\/cinemaleclub.com\/film&#8211;298874.html<\/a><\/p>\n\n\n\n<p><br>\n<!-- template extrait_fiche_post --><div id=\"rubrique\" class=\"trailer\"><i class=\"fa fa-film\"><\/i>&nbsp;Fiche film<br><hr><\/div><table class=\"extrait-film\"><tr><td width=\"100\"><div class=\"vignette-affiche-extrait\" width=\"100px\" height=\"150px\"><figure><a href=\"https:\/\/www.vuesdenface.com\/web\/film\/20-000-especes-dabeilles\/\"><img loading=\"lazy\" decoding=\"async\" src=\"https:\/\/www.vuesdenface.com\/web\/wp-content\/vignettes-vdef\/2024\/02\/100x150\/20-000-species-of-bees_poster-100x150.jpg\" width=\"100\" height=\"150\" class=\"vignette-affiche-extrait\" alt=\"20 000 esp\u00e8ces d'abeilles\" title=\"20 000 esp\u00e8ces d'abeilles\" rel=\"\"><\/a><figcaption><a href=\"https:\/\/www.vuesdenface.com\/web\/film\/20-000-especes-dabeilles\/\"><\/a><\/figcaption><\/figure><\/div><\/td><td><article class=\"post-extrait\"><header class=\"extrait-header\"><span class=\"titre-film-h1\"><a rel=\"bookmark\" href=\"https:\/\/www.vuesdenface.com\/web\/film\/20-000-especes-dabeilles\/\">20 000 esp\u00e8ces d'abeilles<\/a><\/span>&nbsp;&bull;&nbsp;20.000 especies de abejas<\/header><i>Espagne&nbsp;&bull;&nbsp;2023&nbsp;&bull;&nbsp;128 minutes&nbsp;&bull;&nbsp;VOSTF<\/i><br\/><span> Coc\u00f3, huit ans, a bien du mal \u00e0 savoir qui elle est. Au cours d&rsquo;un \u00e9t\u00e9 pass\u00e9 parmi les ruches du Pays Basque, elle \u00e9veille sa singularit\u00e9 au sein des femmes de sa famille, elles-m\u00eames en proie au doute. Dans un monde o\u00f9 il existe 20 000 esp\u00e8ces d&rsquo;abeilles diff\u00e9rentes, il existe ...<\/span><a class=\"readmore\" href=\"https:\/\/www.vuesdenface.com\/web\/film\/20-000-especes-dabeilles\/\">    Continuer la lecture \u2192<\/a><\/td><\/tr><\/table><br><\/p>\n\n\n\n<div class=\"rubrique\"><div class=\"rubrique-icone\"><i class=\"fa fa-picture-o fa-lg\"><\/i><\/div><div class=\"rubrique-texte\">Photos<br><\/div><hr><\/div><br><\/p>\n\n\n<div class=\"su-custom-gallery su-custom-gallery-align-left su-custom-gallery-title-hover rel\"><div class=\"su-custom-gallery-slide\" style=\"width:140px;height:140px\"><a><img loading=\"lazy\" decoding=\"async\" src=\"https:\/\/www.vuesdenface.com\/web\/wp-content\/uploads\/2024\/02\/bees_still4._-140x140.jpg\" alt=\"20 000 Esp\u00e8ces d&rsquo;Abeilles\" width=\"140\" height=\"140\" \/><span class=\"su-custom-gallery-title\">20 000 Esp\u00e8ces d&rsquo;Abeilles<\/span><\/a><\/div><div class=\"su-custom-gallery-slide\" style=\"width:140px;height:140px\"><a><img loading=\"lazy\" decoding=\"async\" src=\"https:\/\/www.vuesdenface.com\/web\/wp-content\/uploads\/2024\/02\/bees_still3_-140x140.jpg\" alt=\"20 000 Esp\u00e8ces d&rsquo;Abeilles\" width=\"140\" height=\"140\" \/><span class=\"su-custom-gallery-title\">20 000 Esp\u00e8ces d&rsquo;Abeilles<\/span><\/a><\/div><div class=\"su-custom-gallery-slide\" style=\"width:140px;height:140px\"><a><img loading=\"lazy\" decoding=\"async\" src=\"https:\/\/www.vuesdenface.com\/web\/wp-content\/uploads\/2024\/02\/bees_still2_-scaled.jpg\" alt=\"20 000 Esp\u00e8ces d&rsquo;Abeilles\" width=\"140\" height=\"140\" \/><span class=\"su-custom-gallery-title\">20 000 Esp\u00e8ces d&rsquo;Abeilles<\/span><\/a><\/div><div class=\"su-custom-gallery-slide\" style=\"width:140px;height:140px\"><a><img loading=\"lazy\" decoding=\"async\" src=\"https:\/\/www.vuesdenface.com\/web\/wp-content\/uploads\/2024\/02\/bees_still1-scaled.jpg\" alt=\"20 000 Esp\u00e8ces d&rsquo;Abeilles\" width=\"140\" height=\"140\" \/><span class=\"su-custom-gallery-title\">20 000 Esp\u00e8ces d&rsquo;Abeilles<\/span><\/a><\/div><div class=\"su-clear\"><\/div><\/div>\n","protected":false},"excerpt":{"rendered":"<p>Retrouvez l&rsquo;\u00e9quipe Vues d&rsquo;en Face au cin\u00e9ma Le Club pour la sortie de 20 000 Esp\u00e8ces d&rsquo;Abeilles le mercredi 14 f\u00e9vrier \u00e0 20h30 ! Coc\u00f3, huit ans, a bien du mal \u00e0 savoir qui elle est. Au cours d\u2019un \u00e9t\u00e9 pass\u00e9 parmi les ruches du Pays Basque, elle \u00e9veille sa singularit\u00e9 au sein des femmes &hellip; <a class=\"readmore\" href=\"https:\/\/www.vuesdenface.com\/web\/20-000-especes-dabeilles\/\">Continuer la lecture &rarr;<\/a><\/p>\n","protected":false},"author":7,"featured_media":14989,"comment_status":"closed","ping_status":"closed","sticky":false,"template":"","format":"standard","meta":{"footnotes":""},"categories":[242],"tags":[],"class_list":["post-14988","post","type-post","status-publish","format-standard","has-post-thumbnail","hentry","category-actus"],"_links":{"self":[{"href":"https:\/\/www.vuesdenface.com\/web\/wp-json\/wp\/v2\/posts\/14988","targetHints":{"allow":["GET"]}}],"collection":[{"href":"https:\/\/www.vuesdenface.com\/web\/wp-json\/wp\/v2\/posts"}],"about":[{"href":"https:\/\/www.vuesdenface.com\/web\/wp-json\/wp\/v2\/types\/post"}],"author":[{"embeddable":true,"href":"https:\/\/www.vuesdenface.com\/web\/wp-json\/wp\/v2\/users\/7"}],"replies":[{"embeddable":true,"href":"https:\/\/www.vuesdenface.com\/web\/wp-json\/wp\/v2\/comments?post=14988"}],"version-history":[{"count":4,"href":"https:\/\/www.vuesdenface.com\/web\/wp-json\/wp\/v2\/posts\/14988\/revisions"}],"predecessor-version":[{"id":15002,"href":"https:\/\/www.vuesdenface.com\/web\/wp-json\/wp\/v2\/posts\/14988\/revisions\/15002"}],"wp:featuredmedia":[{"embeddable":true,"href":"https:\/\/www.vuesdenface.com\/web\/wp-json\/wp\/v2\/media\/14989"}],"wp:attachment":[{"href":"https:\/\/www.vuesdenface.com\/web\/wp-json\/wp\/v2\/media?parent=14988"}],"wp:term":[{"taxonomy":"category","embeddable":true,"href":"https:\/\/www.vuesdenface.com\/web\/wp-json\/wp\/v2\/categories?post=14988"},{"taxonomy":"post_tag","embeddable":true,"href":"https:\/\/www.vuesdenface.com\/web\/wp-json\/wp\/v2\/tags?post=14988"}],"curies":[{"name":"wp","href":"https:\/\/api.w.org\/{rel}","templated":true}]}}