{"id":15013,"date":"2024-03-10T21:38:42","date_gmt":"2024-03-10T20:38:42","guid":{"rendered":"https:\/\/www.vuesdenface.com\/web\/?p=15013"},"modified":"2024-03-26T23:49:33","modified_gmt":"2024-03-26T22:49:33","slug":"toutes-les-couleurs-du-monde","status":"publish","type":"post","link":"https:\/\/www.vuesdenface.com\/web\/toutes-les-couleurs-du-monde\/","title":{"rendered":"Toutes les Couleurs du Monde"},"content":{"rendered":"\n<p>Retrouvez l&rsquo;\u00e9quipe Vues d&rsquo;en Face \u00e0 Mon Cin\u00e9 \u00e0 Saint-Martin-d&rsquo;H\u00e8res pour la projection de Toutes les Couleurs du Monde mardi 12 mars \u00e0 20h30 dans le cadre des Rendez-Vous des Cin\u00e9mas d&rsquo;Afrique.<\/p>\n\n\n\n<p>Premier film du nigerian Bavatunde Apalovo, Toutes les Couleurs du Monde a obtenu le Teddy Award \u00e0 la Berlinale 2023 et c\u2019est amplement m\u00e9rit\u00e9. Le regard tendre du r\u00e9alisateur sur Bambino, chauffeur livreur \u00e0 Lagos et sur Bawa, photographe plein de vie qui le conduit avec douceur vers l\u2019\u00e9mancipation est servi par une photographie superbe. Malgr\u00e9 la p\u00e9nalisation de tout amour diff\u00e9rent \u00e0 Lagos comme dans une grande partie de l\u2019Afrique noire, ce film fort, port\u00e9 par une musique envo\u00fbtante, raconte magnifiquement la qu\u00eate de soi et de l\u2019amour. A voir absolument.<\/p>\n\n\n\n<p>Plus d&rsquo;infos sur le site de Mon Cin\u00e9 : <a href=\"https:\/\/culture.saintmartindheres.fr\/cloture-%f0%9f%8c%8drdv-cinemas-afrique-%f0%9f%8e%ac15h30-goodbye-julia-%f0%9f%8e%ac18h-black-tea-%f0%9f%8e%ac-20h30-toutes-les-couleurs-du-monde-are-between-black-and-white%f0%9f%94%9c-mar-1\/\" target=\"_blank\" rel=\"noreferrer noopener\">cliquez ici<\/a><\/p>\n\n\n\n<p><br>\n<!-- template extrait_fiche_post --><div id=\"rubrique\" class=\"trailer\"><i class=\"fa fa-film\"><\/i>&nbsp;Fiche film<br><hr><\/div><table class=\"extrait-film\"><tr><td width=\"100\"><div class=\"vignette-affiche-extrait\" width=\"100px\" height=\"150px\"><figure><a href=\"https:\/\/www.vuesdenface.com\/web\/film\/toutes-les-couleurs-du-monde\/\"><img loading=\"lazy\" decoding=\"async\" src=\"https:\/\/www.vuesdenface.com\/web\/wp-content\/vignettes-vdef\/2024\/03\/100x150\/TOUTES-LES-COULEURS-DU-MONDE-POSTER-1-400x600-1-100x150.jpg\" width=\"100\" height=\"150\" class=\"vignette-affiche-extrait\" alt=\"Toutes les couleurs du monde\" title=\"Toutes les couleurs du monde\" rel=\"\"><\/a><figcaption><a href=\"https:\/\/www.vuesdenface.com\/web\/film\/toutes-les-couleurs-du-monde\/\"><\/a><\/figcaption><\/figure><\/div><\/td><td><article class=\"post-extrait\"><header class=\"extrait-header\"><span class=\"titre-film-h1\"><a rel=\"bookmark\" href=\"https:\/\/www.vuesdenface.com\/web\/film\/toutes-les-couleurs-du-monde\/\">Toutes les couleurs du monde<\/a><\/span>&nbsp;&bull;&nbsp;All the colours of the world are between black and white<\/header><i>Drame et Romance&nbsp;&bull;&nbsp;Nigeria&nbsp;&bull;&nbsp;2022&nbsp;&bull;&nbsp;92 minutes&nbsp;&bull;&nbsp;VOSTF<\/i><br\/><span> Bambino s\u2019est install\u00e9 dans sa vie de c\u00e9libataire. Il a un revenu stable gr\u00e2ce \u00e0 son emploi de chauffeur-livreur \u00e0 Lagos, et il est appr\u00e9ci\u00e9 par son voisinage qu\u2019il aide d\u00e8s qu\u2019il le peut. Alors que les avances de sa voisine le laissent froid, Bambino rencontre le charismatique Bawa, un ...<\/span><a class=\"readmore\" href=\"https:\/\/www.vuesdenface.com\/web\/film\/toutes-les-couleurs-du-monde\/\">    Continuer la lecture \u2192<\/a><\/td><\/tr><\/table>\n\n\n\n<div class=\"rubrique\"><div class=\"rubrique-icone\"><i class=\"fa fa-picture-o fa-lg\"><\/i><\/div><div class=\"rubrique-texte\">Photos<br><\/div><hr><\/div><br><div class=\"su-custom-gallery su-custom-gallery-align-left su-custom-gallery-title-hover rel\"><div class=\"su-custom-gallery-slide\" style=\"width:140px;height:140px\"><a><img loading=\"lazy\" decoding=\"async\" src=\"https:\/\/www.vuesdenface.com\/web\/wp-content\/uploads\/2024\/03\/Toutes-les-couleurs-du-monde-2-140x140.png\" alt=\"Toutes les couleurs du monde 2\" width=\"140\" height=\"140\" \/><span class=\"su-custom-gallery-title\">Toutes les couleurs du monde 2<\/span><\/a><\/div><div class=\"su-custom-gallery-slide\" style=\"width:140px;height:140px\"><a><img loading=\"lazy\" decoding=\"async\" src=\"https:\/\/www.vuesdenface.com\/web\/wp-content\/uploads\/2024\/03\/Toutes-les-couleurs-du-monde-3-140x140.png\" alt=\"Toutes les couleurs du monde 3\" width=\"140\" height=\"140\" \/><span class=\"su-custom-gallery-title\">Toutes les couleurs du monde 3<\/span><\/a><\/div><div class=\"su-custom-gallery-slide\" style=\"width:140px;height:140px\"><a><img loading=\"lazy\" decoding=\"async\" src=\"https:\/\/www.vuesdenface.com\/web\/wp-content\/uploads\/2024\/03\/Toutes-les-couleurs-du-monde-4-140x140.jpg\" alt=\"Toutes les couleurs du monde 4\" width=\"140\" height=\"140\" \/><span class=\"su-custom-gallery-title\">Toutes les couleurs du monde 4<\/span><\/a><\/div><div class=\"su-custom-gallery-slide\" style=\"width:140px;height:140px\"><a><img loading=\"lazy\" decoding=\"async\" src=\"https:\/\/www.vuesdenface.com\/web\/wp-content\/uploads\/2024\/03\/TOUTES-LES-COULEURS-DU-MONDE-POSTER-1-400x600-1-140x140.jpg\" alt=\"TOUTES-LES-COULEURS-DU-MONDE-POSTER-1-400&#215;600\" width=\"140\" height=\"140\" \/><span class=\"su-custom-gallery-title\">TOUTES-LES-COULEURS-DU-MONDE-POSTER-1-400&#215;600<\/span><\/a><\/div><div class=\"su-clear\"><\/div><\/div>\n","protected":false},"excerpt":{"rendered":"<p>Retrouvez l&rsquo;\u00e9quipe Vues d&rsquo;en Face \u00e0 Mon Cin\u00e9 \u00e0 Saint-Martin-d&rsquo;H\u00e8res pour la projection de Toutes les Couleurs du Monde mardi 12 mars \u00e0 20h30 dans le cadre des Rendez-Vous des Cin\u00e9mas d&rsquo;Afrique. Premier film du nigerian Bavatunde Apalovo, Toutes les Couleurs du Monde a obtenu le Teddy Award \u00e0 la Berlinale 2023 et c\u2019est amplement &hellip; <a class=\"readmore\" href=\"https:\/\/www.vuesdenface.com\/web\/toutes-les-couleurs-du-monde\/\">Continuer la lecture &rarr;<\/a><\/p>\n","protected":false},"author":7,"featured_media":15011,"comment_status":"closed","ping_status":"closed","sticky":false,"template":"","format":"standard","meta":{"footnotes":""},"categories":[242],"tags":[],"class_list":["post-15013","post","type-post","status-publish","format-standard","has-post-thumbnail","hentry","category-actus"],"_links":{"self":[{"href":"https:\/\/www.vuesdenface.com\/web\/wp-json\/wp\/v2\/posts\/15013","targetHints":{"allow":["GET"]}}],"collection":[{"href":"https:\/\/www.vuesdenface.com\/web\/wp-json\/wp\/v2\/posts"}],"about":[{"href":"https:\/\/www.vuesdenface.com\/web\/wp-json\/wp\/v2\/types\/post"}],"author":[{"embeddable":true,"href":"https:\/\/www.vuesdenface.com\/web\/wp-json\/wp\/v2\/users\/7"}],"replies":[{"embeddable":true,"href":"https:\/\/www.vuesdenface.com\/web\/wp-json\/wp\/v2\/comments?post=15013"}],"version-history":[{"count":4,"href":"https:\/\/www.vuesdenface.com\/web\/wp-json\/wp\/v2\/posts\/15013\/revisions"}],"predecessor-version":[{"id":15032,"href":"https:\/\/www.vuesdenface.com\/web\/wp-json\/wp\/v2\/posts\/15013\/revisions\/15032"}],"wp:featuredmedia":[{"embeddable":true,"href":"https:\/\/www.vuesdenface.com\/web\/wp-json\/wp\/v2\/media\/15011"}],"wp:attachment":[{"href":"https:\/\/www.vuesdenface.com\/web\/wp-json\/wp\/v2\/media?parent=15013"}],"wp:term":[{"taxonomy":"category","embeddable":true,"href":"https:\/\/www.vuesdenface.com\/web\/wp-json\/wp\/v2\/categories?post=15013"},{"taxonomy":"post_tag","embeddable":true,"href":"https:\/\/www.vuesdenface.com\/web\/wp-json\/wp\/v2\/tags?post=15013"}],"curies":[{"name":"wp","href":"https:\/\/api.w.org\/{rel}","templated":true}]}}