{"id":15686,"date":"2024-09-20T11:00:33","date_gmt":"2024-09-20T10:00:33","guid":{"rendered":"https:\/\/www.vuesdenface.com\/web\/?p=15686"},"modified":"2024-11-17T10:45:45","modified_gmt":"2024-11-17T09:45:45","slug":"vues-den-face-2024-cest-parti","status":"publish","type":"post","link":"https:\/\/www.vuesdenface.com\/web\/vues-den-face-2024-cest-parti\/","title":{"rendered":"C&rsquo;est parti pour la 24\u00e8me \u00e9dition de Vues d&rsquo;en face !"},"content":{"rendered":"<p><a href=\"https:\/\/www.vuesdenface.com\/web\/wp-content\/uploads\/2024\/05\/header-visuel-2024-web-1.png\"><img loading=\"lazy\" decoding=\"async\" class=\"aligncenter size-full wp-image-14018\" src=\"https:\/\/www.vuesdenface.com\/web\/wp-content\/uploads\/2024\/05\/header-visuel-2024-web-1.png\" alt=\"\" width=\"2923\" height=\"4134\" \/><\/a><\/p>\r\n\r\n<p>On y est ! Apr\u00e8s des mois de pr\u00e9paration, l&rsquo;\u00e9dition 2024 du festival d\u00e9marrera lundi 23 septembre et s&rsquo;\u00e9talera sur trois semaines !<\/p>\r\n\r\n\r\n\r\n<p>Le programme du festival est disponible en ligne ou en version papier au cin\u00e9ma Le Club et un peu partout dans l&rsquo;agglom\u00e9ration.<\/p>\r\n<p>Retrouvez \u00e9galement le communiqu\u00e9 de presse de Vues d&rsquo;en face pour le lancement de cette nouvelle \u00e9dition !<\/p>\r\n<br\/><h2>Catalogue de l'\u00e9dition 24<hr class=\"no-margin-up-down\"><\/h2><figure class=\"grille-vignettes\"><a href=\"https:\/\/www.vuesdenface.com\/web\/wp-content\/uploads\/2024\/05\/catalogue_VDEF_2024_WEB.pdf\"><img loading=\"lazy\" decoding=\"async\" src=\"https:\/\/www.vuesdenface.com\/web\/wp-content\/vignettes-vdef\/2024\/05\/100x150\/catalogue_VDEF_2024_WEB.pdf-100x150.jpg\" width=\"100\" height=\"150\" class=\"photo-film\" alt=\"\" rel=\"\" title=\"catalogue Vues d'en face 2024\"><\/a><figcaption><a href=\"https:\/\/www.vuesdenface.com\/web\/wp-content\/uploads\/2024\/05\/catalogue_VDEF_2024_WEB.pdf\">catalogue Vues d'en face 2024&nbsp;&nbsp;&nbsp;&nbsp;&nbsp;<\/a><br\/>(pdf de 17.31 Mo)&nbsp;&nbsp;&nbsp;&nbsp;<\/figcaption><\/figure><div class=\"clear\"><\/br><\/div>\r\n<br\/><h2>Communiqu\u00e9 de presse du 4 septembre 2024<hr class=\"no-margin-up-down\"><\/h2><figure class=\"grille-vignettes\"><a href=\"https:\/\/www.vuesdenface.com\/web\/wp-content\/uploads\/2024\/09\/Communique-de-presse-Vues-den-face-8-septembre-2024.pdf\"><img loading=\"lazy\" decoding=\"async\" src=\"https:\/\/www.vuesdenface.com\/web\/wp-content\/vignettes-vdef\/2024\/09\/100x150\/Communique-de-presse-Vues-den-face-8-septembre-2024.pdf-100x150.jpg\" width=\"100\" height=\"150\" class=\"photo-film\" alt=\"\" rel=\"\" title=\"Communiqu\u00e9 de presse Vues d'en face 8 septembre 2024\"><\/a><figcaption><a href=\"https:\/\/www.vuesdenface.com\/web\/wp-content\/uploads\/2024\/09\/Communique-de-presse-Vues-den-face-8-septembre-2024.pdf\">Communiqu\u00e9 de presse Vues d'en face 8 septembre 2024&nbsp;&nbsp;&nbsp;&nbsp;&nbsp;<\/a><br\/>(pdf de 0.12 Mo)&nbsp;&nbsp;&nbsp;&nbsp;<\/figcaption><\/figure><div class=\"clear\"><\/br><\/div>\r\n<p><a href=\"https:\/\/www.vuesdenface.com\/web\/wp-content\/uploads\/2024\/05\/Affiche-VDEF-2024-PRINT.png\"><img loading=\"lazy\" decoding=\"async\" class=\"aligncenter size-full wp-image-14018\" src=\"https:\/\/www.vuesdenface.com\/web\/wp-content\/uploads\/2024\/05\/Affiche-VDEF-2024-PRINT.png\" alt=\"\" width=\"2923\" height=\"4134\" \/><\/a><\/p>\r\n<p>&nbsp;<\/p>\r\n<p>&nbsp;<\/p>\r\n\r\n<p>&nbsp;<\/p>","protected":false},"excerpt":{"rendered":"<p>On y est ! Apr\u00e8s des mois de pr\u00e9paration, l&rsquo;\u00e9dition 2024 du festival d\u00e9marrera lundi 23 septembre et s&rsquo;\u00e9talera sur trois semaines ! Le programme du festival est disponible en ligne ou en version papier au cin\u00e9ma Le Club et un peu partout dans l&rsquo;agglom\u00e9ration. Retrouvez \u00e9galement le communiqu\u00e9 de presse de Vues d&rsquo;en face &hellip; <a class=\"readmore\" href=\"https:\/\/www.vuesdenface.com\/web\/vues-den-face-2024-cest-parti\/\">Continuer la lecture &rarr;<\/a><\/p>\n","protected":false},"author":7,"featured_media":15596,"comment_status":"closed","ping_status":"closed","sticky":false,"template":"","format":"standard","meta":{"footnotes":""},"categories":[242],"tags":[],"class_list":["post-15686","post","type-post","status-publish","format-standard","has-post-thumbnail","hentry","category-actus"],"_links":{"self":[{"href":"https:\/\/www.vuesdenface.com\/web\/wp-json\/wp\/v2\/posts\/15686","targetHints":{"allow":["GET"]}}],"collection":[{"href":"https:\/\/www.vuesdenface.com\/web\/wp-json\/wp\/v2\/posts"}],"about":[{"href":"https:\/\/www.vuesdenface.com\/web\/wp-json\/wp\/v2\/types\/post"}],"author":[{"embeddable":true,"href":"https:\/\/www.vuesdenface.com\/web\/wp-json\/wp\/v2\/users\/7"}],"replies":[{"embeddable":true,"href":"https:\/\/www.vuesdenface.com\/web\/wp-json\/wp\/v2\/comments?post=15686"}],"version-history":[{"count":6,"href":"https:\/\/www.vuesdenface.com\/web\/wp-json\/wp\/v2\/posts\/15686\/revisions"}],"predecessor-version":[{"id":15812,"href":"https:\/\/www.vuesdenface.com\/web\/wp-json\/wp\/v2\/posts\/15686\/revisions\/15812"}],"wp:featuredmedia":[{"embeddable":true,"href":"https:\/\/www.vuesdenface.com\/web\/wp-json\/wp\/v2\/media\/15596"}],"wp:attachment":[{"href":"https:\/\/www.vuesdenface.com\/web\/wp-json\/wp\/v2\/media?parent=15686"}],"wp:term":[{"taxonomy":"category","embeddable":true,"href":"https:\/\/www.vuesdenface.com\/web\/wp-json\/wp\/v2\/categories?post=15686"},{"taxonomy":"post_tag","embeddable":true,"href":"https:\/\/www.vuesdenface.com\/web\/wp-json\/wp\/v2\/tags?post=15686"}],"curies":[{"name":"wp","href":"https:\/\/api.w.org\/{rel}","templated":true}]}}