{"id":15786,"date":"2024-10-09T16:38:34","date_gmt":"2024-10-09T15:38:34","guid":{"rendered":"https:\/\/www.vuesdenface.com\/web\/?p=15786"},"modified":"2025-10-19T10:30:31","modified_gmt":"2025-10-19T09:30:31","slug":"prix-du-jury-et-prix-du-public-2024","status":"publish","type":"post","link":"https:\/\/www.vuesdenface.com\/web\/prix-du-jury-et-prix-du-public-2024\/","title":{"rendered":"Prix du Jury et Prix du Public 2024"},"content":{"rendered":"\r\n<p>Quatre prix ont \u00e9t\u00e9 remis ce dimanche 6 octobre 2024 : un prix du jury et trois prix du public. D\u00e9couvrez ici le palmar\u00e8s de l&rsquo;\u00e9dition 2024 de Vues d&rsquo;en face !<\/p>\r\n\r\n\r\n\r\n<h1><span style=\"text-decoration: underline;\"><strong>PRIX DU JURY<\/strong><\/span><\/h1>\r\n\r\n\r\n\r\n<div id=\"rubrique-strong\"><i class=\"fa fa-film\"><\/i>&nbsp;Meilleur long m\u00e9trage<br><hr><\/div><table class=\"prix-jury\"><tr><table class=\"extrait-film\"><tr><td width=\"100\"><div class=\"vignette-affiche-extrait\" width=\"100px\" height=\"150px\"><figure><a href=\"https:\/\/www.vuesdenface.com\/web\/film\/all-shall-be-well\/\"><img loading=\"lazy\" decoding=\"async\" src=\"https:\/\/www.vuesdenface.com\/web\/wp-content\/vignettes-vdef\/2024\/09\/100x150\/All-shall-be-well-poster-scaled-100x150.jpg\" width=\"100\" height=\"150\" class=\"vignette-affiche-extrait\" alt=\"Tout ira bien\" title=\"Tout ira bien\" rel=\"\"><\/a><figcaption><a href=\"https:\/\/www.vuesdenface.com\/web\/film\/all-shall-be-well\/\"><\/a><\/figcaption><\/figure><\/div><\/td><td><article class=\"post-extrait\"><header class=\"extrait-header\"><span class=\"titre-film-h1\"><a rel=\"bookmark\" href=\"https:\/\/www.vuesdenface.com\/web\/film\/all-shall-be-well\/\">Tout ira bien<\/a><\/span>&nbsp;&bull;&nbsp;All shall be well<\/header><i>FICTION SOCIETALE&nbsp;&bull;&nbsp;Hong Kong&nbsp;&bull;&nbsp;2024&nbsp;&bull;&nbsp;93 minutes&nbsp;&bull;&nbsp;VOSTF<\/i><br\/><span> Angie et Pat, la soixantaine, vivent ensemble depuis trente ans dans l\u2019appartement de Pat. Autour d\u2019elles, leurs ami\u00b7es et la famille de Pat ont compl\u00e8tement accept\u00e9 cette relation. Leur vie est joyeuse, sans souci financier et leur quotidien agr\u00e9able. Lorsque Pat meurt subitement, Angie d\u00e9vast\u00e9e ...<\/span><a class=\"readmore\" href=\"https:\/\/www.vuesdenface.com\/web\/film\/all-shall-be-well\/\">    Continuer la lecture \u2192<\/a><\/td><\/tr><\/table><\/tr><\/table><br>\r\n\r\n\r\n\r\n<h1><span style=\"text-decoration: underline;\"><strong>PRIX DU PUBLIC<\/strong><\/span><\/h1>\r\n\r\n\r\n\r\n<div id=\"rubrique-strong\"><i class=\"fa fa-film\"><\/i>&nbsp;Meilleur long m\u00e9trage<br><hr><\/div><table class=\"prix-public\"><tr><table class=\"extrait-film\"><tr><td width=\"100\"><div class=\"vignette-affiche-extrait\" width=\"100px\" height=\"150px\"><figure><a href=\"https:\/\/www.vuesdenface.com\/web\/film\/light-light-light\/\"><img loading=\"lazy\" decoding=\"async\" src=\"https:\/\/www.vuesdenface.com\/web\/wp-content\/vignettes-vdef\/2024\/09\/100x150\/Light-Light-Light_valoa-valoa-valoa_POSTER-scaled-100x150.jpg\" width=\"100\" height=\"150\" class=\"vignette-affiche-extrait\" alt=\"L'\u00e9tincelle\" title=\"L'\u00e9tincelle\" rel=\"\"><\/a><figcaption><a href=\"https:\/\/www.vuesdenface.com\/web\/film\/light-light-light\/\"><\/a><\/figcaption><\/figure><\/div><\/td><td><article class=\"post-extrait\"><header class=\"extrait-header\"><span class=\"titre-film-h1\"><a rel=\"bookmark\" href=\"https:\/\/www.vuesdenface.com\/web\/film\/light-light-light\/\">L'\u00e9tincelle<\/a><\/span>&nbsp;&bull;&nbsp;Valoa Valoa Valoa<span class=\"sous-titre-h4\">&nbsp;&nbsp;(Light Light Light)<\/span><\/header><i>Fiction&nbsp;&bull;&nbsp;Finlande&nbsp;&bull;&nbsp;2023&nbsp;&bull;&nbsp;91 minutes&nbsp;&bull;&nbsp;VOSTF<\/i><br\/><span> Nous sommes en 1986, au moment de l\u2019explosion du r\u00e9acteur de Tchernobyl. Mariia, 15 ans, sent le danger qui plane dans sa petite ville de l\u2019ouest finlandais. L\u2019arriv\u00e9e d\u2019une nouvelle \u00e9l\u00e8ve, Mimi, bouleverse son quotidien et le remplit de lumi\u00e8re. Les deux jeunes filles vivent intens\u00e9ment leurs ...<\/span><a class=\"readmore\" href=\"https:\/\/www.vuesdenface.com\/web\/film\/light-light-light\/\">    Continuer la lecture \u2192<\/a><\/td><\/tr><\/table><\/tr><\/table><br><div id=\"rubrique-strong\"><i class=\"fa fa-film\"><\/i>&nbsp;Meilleur long m\u00e9trage documentaire <br><hr><\/div><table class=\"prix-public\"><tr><table class=\"extrait-film\"><tr><td width=\"100\"><div class=\"vignette-affiche-extrait\" width=\"100px\" height=\"150px\"><figure><a href=\"https:\/\/www.vuesdenface.com\/web\/film\/queendom\/\"><img loading=\"lazy\" decoding=\"async\" src=\"https:\/\/www.vuesdenface.com\/web\/wp-content\/vignettes-vdef\/2024\/09\/100x150\/queendom_poster_2-scaled-100x150.jpg\" width=\"100\" height=\"150\" class=\"vignette-affiche-extrait\" alt=\"Queendom\" title=\"Queendom\" rel=\"\"><\/a><figcaption><a href=\"https:\/\/www.vuesdenface.com\/web\/film\/queendom\/\"><\/a><\/figcaption><\/figure><\/div><\/td><td><article class=\"post-extrait\"><header class=\"extrait-header\"><span class=\"titre-film-h1\"><a rel=\"bookmark\" href=\"https:\/\/www.vuesdenface.com\/web\/film\/queendom\/\">Queendom<\/a><\/span><\/header><i>Biographie&nbsp;&bull;&nbsp;USA&nbsp;&bull;&nbsp;2023&nbsp;&bull;&nbsp;98 minutes&nbsp;&bull;&nbsp;VOSTF<\/i><br\/><span> Gena, artiste queer incomparable, bouscule les codes \u00e0 travers des tenues venues d\u2019un autre monde, en se promenant dans les rues de Moscou et en faisant face \u00e0 ses pantins autoritaires. Ses performances radicales ne laissent personne indiff\u00e9rent. Dans un pays o\u00f9 la d\u00e9mocratie est en danger, o\u00f9 le ...<\/span><a class=\"readmore\" href=\"https:\/\/www.vuesdenface.com\/web\/film\/queendom\/\">    Continuer la lecture \u2192<\/a><\/td><\/tr><\/table><\/tr><\/table><br><div id=\"rubrique-strong\"><i class=\"fa fa-film\"><\/i>&nbsp;Meilleur court m\u00e9trage<br><hr><\/div><table class=\"prix-public\"><tr><table class=\"extrait-film\"><tr><td width=\"100\"><div class=\"vignette-affiche-extrait\" width=\"100px\" height=\"150px\"><figure><a href=\"https:\/\/www.vuesdenface.com\/web\/film\/au-bord-de-nos-nuits-blanches\/\"><img loading=\"lazy\" decoding=\"async\" src=\"https:\/\/www.vuesdenface.com\/web\/wp-content\/vignettes-vdef\/2024\/09\/100x150\/au-bord-nuits-blanches-Poster-scaled-100x150.jpg\" width=\"100\" height=\"150\" class=\"vignette-affiche-extrait\" alt=\"Au bord de nos nuits blanches\" title=\"Au bord de nos nuits blanches\" rel=\"\"><\/a><figcaption><a href=\"https:\/\/www.vuesdenface.com\/web\/film\/au-bord-de-nos-nuits-blanches\/\"><\/a><\/figcaption><\/figure><\/div><\/td><td><article class=\"post-extrait\"><header class=\"extrait-header\"><span class=\"titre-film-h1\"><a rel=\"bookmark\" href=\"https:\/\/www.vuesdenface.com\/web\/film\/au-bord-de-nos-nuits-blanches\/\">Au bord de nos nuits blanches<\/a><\/span><\/header><i>France&nbsp;&bull;&nbsp;2023&nbsp;&bull;&nbsp;28 minutes&nbsp;&bull;&nbsp;VF<\/i><br\/><span>Reb, travailleuse sociale, se bat pour ramener un semblant de dignit\u00e9 \u00e0 une frange oubli\u00e9e de la soci\u00e9t\u00e9 : les travailleurs et travailleuses du sexe. Une nuit d\u2019\u00e9t\u00e9, l\u2019assassinat de Maria, prostitu\u00e9e transgenre, d\u00e9chire la communaut\u00e9 et ils se d\u00e9cident \u00e0 prendre la parole.\n<\/span><a class=\"readmore\" href=\"https:\/\/www.vuesdenface.com\/web\/film\/au-bord-de-nos-nuits-blanches\/\">    Continuer la lecture \u2192<\/a><\/td><\/tr><\/table><\/tr><\/table><br>\r\n\r\n\r\n\r\n<p>Bravo aux laur\u00e9ats !<\/p>\r\n","protected":false},"excerpt":{"rendered":"<p>Quatre prix ont \u00e9t\u00e9 remis ce dimanche 6 octobre 2024 : un prix du jury et trois prix du public. D\u00e9couvrez ici le palmar\u00e8s de l&rsquo;\u00e9dition 2024 de Vues d&rsquo;en face ! PRIX DU JURY PRIX DU PUBLIC Bravo aux laur\u00e9ats !<\/p>\n","protected":false},"author":7,"featured_media":14946,"comment_status":"closed","ping_status":"closed","sticky":false,"template":"","format":"standard","meta":{"footnotes":""},"categories":[242],"tags":[],"class_list":["post-15786","post","type-post","status-publish","format-standard","has-post-thumbnail","hentry","category-actus","numero_edition-1045"],"_links":{"self":[{"href":"https:\/\/www.vuesdenface.com\/web\/wp-json\/wp\/v2\/posts\/15786","targetHints":{"allow":["GET"]}}],"collection":[{"href":"https:\/\/www.vuesdenface.com\/web\/wp-json\/wp\/v2\/posts"}],"about":[{"href":"https:\/\/www.vuesdenface.com\/web\/wp-json\/wp\/v2\/types\/post"}],"author":[{"embeddable":true,"href":"https:\/\/www.vuesdenface.com\/web\/wp-json\/wp\/v2\/users\/7"}],"replies":[{"embeddable":true,"href":"https:\/\/www.vuesdenface.com\/web\/wp-json\/wp\/v2\/comments?post=15786"}],"version-history":[{"count":6,"href":"https:\/\/www.vuesdenface.com\/web\/wp-json\/wp\/v2\/posts\/15786\/revisions"}],"predecessor-version":[{"id":16605,"href":"https:\/\/www.vuesdenface.com\/web\/wp-json\/wp\/v2\/posts\/15786\/revisions\/16605"}],"wp:featuredmedia":[{"embeddable":true,"href":"https:\/\/www.vuesdenface.com\/web\/wp-json\/wp\/v2\/media\/14946"}],"wp:attachment":[{"href":"https:\/\/www.vuesdenface.com\/web\/wp-json\/wp\/v2\/media?parent=15786"}],"wp:term":[{"taxonomy":"category","embeddable":true,"href":"https:\/\/www.vuesdenface.com\/web\/wp-json\/wp\/v2\/categories?post=15786"},{"taxonomy":"post_tag","embeddable":true,"href":"https:\/\/www.vuesdenface.com\/web\/wp-json\/wp\/v2\/tags?post=15786"}],"curies":[{"name":"wp","href":"https:\/\/api.w.org\/{rel}","templated":true}]}}