{"id":15804,"date":"2024-11-17T10:35:45","date_gmt":"2024-11-17T09:35:45","guid":{"rendered":"https:\/\/www.vuesdenface.com\/web\/?p=15804"},"modified":"2024-11-17T10:43:51","modified_gmt":"2024-11-17T09:43:51","slug":"appel-a-benevoles-2025","status":"publish","type":"post","link":"https:\/\/www.vuesdenface.com\/web\/appel-a-benevoles-2025\/","title":{"rendered":"Appel \u00e0 b\u00e9n\u00e9voles"},"content":{"rendered":"<p style=\"text-align: center;\"><span style=\"color: #000000;\">Tu aimes le cin\u00e9ma et te sens concern\u00e9\u00b7e par les valeurs LGBTQIA+ ?<\/span><br \/>\n<span style=\"color: #000000;\">Tu as assist\u00e9 \u00e0 une \u00e9dition 2024, ou une pr\u00e9c\u00e9dente, et tu aimerais<\/span><br \/>\n<span style=\"color: #000000;\">participer \u00e0 la prochaine \u00e9dition ?<\/span><\/p>\n<p style=\"text-align: center;\"><span style=\"color: #000000;\">L\u2019association VUES D\u2019EN FACE recherche des b\u00e9n\u00e9voles, <\/span><br \/>\n<span style=\"color: #000000;\">notamment pour renforcer les \u00e9quipes <\/span><br \/>\n<span style=\"color: #000000;\"><span style=\"color: #ff6600;\">communication<\/span> et <span style=\"color: #ff6600;\">partenariat<\/span> \/ montage de <span style=\"color: #ff6600;\">projets<\/span> hors films.<\/span><\/p>\n<p style=\"text-align: center;\"><span style=\"color: #000000;\">Si tu as envie de rejoindre un projet associatif inspirant et <\/span><br \/>\n<span style=\"color: #000000;\">t\u2019investir \u00e0 nos c\u00f4t\u00e9s, nous t\u2019invitons \u00e0 venir nous rencontrer <\/span><br \/>\n<span style=\"color: #000000;\">lors d\u2019un \u00e9change sur les diff\u00e9rentes missions de l\u2019association.<\/span><\/p>\n<p style=\"text-align: center;\"><span style=\"color: #000000;\">Retrouvons-nous le<span style=\"color: #ff6600;\"> lundi 2 d\u00e9cembre \u00e0 19h<\/span> dans notre local \u00e0 Grenoble<\/span><br \/>\n<span style=\"color: #000000;\">Contacte-nous pour plus de d\u00e9tails \u00e0 <a style=\"color: #000000;\" href=\"mailto:festival@vuesdenface.com\" target=\"_blank\" rel=\"noopener\"><span style=\"color: #ff9900;\"><span style=\"color: #ff6600;\">festival@vuesdenface.com<\/span><\/span><\/a><\/span><\/p>\n<p style=\"text-align: center;\"><span style=\"color: #000000;\">\u00c0 tr\u00e8s bient\u00f4t ! <\/span><\/p>\n<p style=\"text-align: center;\"><img loading=\"lazy\" decoding=\"async\" class=\"aligncenter size-medium wp-image-15803\" src=\"https:\/\/www.vuesdenface.com\/web\/wp-content\/uploads\/2024\/11\/equipe-vdef-2025-300x300.jpg\" alt=\"\" width=\"300\" height=\"300\" srcset=\"https:\/\/www.vuesdenface.com\/web\/wp-content\/uploads\/2024\/11\/equipe-vdef-2025-300x300.jpg 300w, https:\/\/www.vuesdenface.com\/web\/wp-content\/uploads\/2024\/11\/equipe-vdef-2025-1024x1024.jpg 1024w, https:\/\/www.vuesdenface.com\/web\/wp-content\/uploads\/2024\/11\/equipe-vdef-2025-140x140.jpg 140w, https:\/\/www.vuesdenface.com\/web\/wp-content\/uploads\/2024\/11\/equipe-vdef-2025-210x210.jpg 210w, https:\/\/www.vuesdenface.com\/web\/wp-content\/uploads\/2024\/11\/equipe-vdef-2025.jpg 1080w\" sizes=\"auto, (max-width: 300px) 100vw, 300px\" \/><\/p>\n","protected":false},"excerpt":{"rendered":"<p>Si tu as envie de rejoindre un projet associatif inspirant et<br \/>\nt\u2019investir \u00e0 nos c\u00f4t\u00e9s, nous t\u2019invitons \u00e0 venir nous rencontrer<br \/>\nlors d\u2019un \u00e9change sur les diff\u00e9rentes missions de l\u2019association. <a class=\"readmore\" href=\"https:\/\/www.vuesdenface.com\/web\/appel-a-benevoles-2025\/\">Continuer la lecture &rarr;<\/a><\/p>\n","protected":false},"author":7,"featured_media":15803,"comment_status":"closed","ping_status":"closed","sticky":false,"template":"","format":"standard","meta":{"footnotes":""},"categories":[242],"tags":[],"class_list":["post-15804","post","type-post","status-publish","format-standard","has-post-thumbnail","hentry","category-actus","numero_edition-edition-24"],"_links":{"self":[{"href":"https:\/\/www.vuesdenface.com\/web\/wp-json\/wp\/v2\/posts\/15804","targetHints":{"allow":["GET"]}}],"collection":[{"href":"https:\/\/www.vuesdenface.com\/web\/wp-json\/wp\/v2\/posts"}],"about":[{"href":"https:\/\/www.vuesdenface.com\/web\/wp-json\/wp\/v2\/types\/post"}],"author":[{"embeddable":true,"href":"https:\/\/www.vuesdenface.com\/web\/wp-json\/wp\/v2\/users\/7"}],"replies":[{"embeddable":true,"href":"https:\/\/www.vuesdenface.com\/web\/wp-json\/wp\/v2\/comments?post=15804"}],"version-history":[{"count":2,"href":"https:\/\/www.vuesdenface.com\/web\/wp-json\/wp\/v2\/posts\/15804\/revisions"}],"predecessor-version":[{"id":15808,"href":"https:\/\/www.vuesdenface.com\/web\/wp-json\/wp\/v2\/posts\/15804\/revisions\/15808"}],"wp:featuredmedia":[{"embeddable":true,"href":"https:\/\/www.vuesdenface.com\/web\/wp-json\/wp\/v2\/media\/15803"}],"wp:attachment":[{"href":"https:\/\/www.vuesdenface.com\/web\/wp-json\/wp\/v2\/media?parent=15804"}],"wp:term":[{"taxonomy":"category","embeddable":true,"href":"https:\/\/www.vuesdenface.com\/web\/wp-json\/wp\/v2\/categories?post=15804"},{"taxonomy":"post_tag","embeddable":true,"href":"https:\/\/www.vuesdenface.com\/web\/wp-json\/wp\/v2\/tags?post=15804"}],"curies":[{"name":"wp","href":"https:\/\/api.w.org\/{rel}","templated":true}]}}