{"id":16685,"date":"2026-04-25T16:43:14","date_gmt":"2026-04-25T15:43:14","guid":{"rendered":"https:\/\/www.vuesdenface.com\/web\/?p=16685"},"modified":"2026-04-26T08:30:22","modified_gmt":"2026-04-26T07:30:22","slug":"laspect-rose-de-la-chose-a-la-cinetheque-de-grenoble","status":"publish","type":"post","link":"https:\/\/www.vuesdenface.com\/web\/laspect-rose-de-la-chose-a-la-cinetheque-de-grenoble\/","title":{"rendered":"\u00ab\u00a0L\u2019aspect rose de la chose\u00a0\u00bb \u00e0 la Cin\u00e9math\u00e8que de Grenoble"},"content":{"rendered":"<p>Pr\u00e9sent\u00e9 lors de la seconde \u00e9dition du festival, red\u00e9couvrez L&rsquo;aspect rose de la Chose. Documentaire tourn\u00e9 en 1980 par Chi-Yan Wong, un des membre fondateur du Festival Vues d&rsquo;en face.<br \/>\nProjection de la copie num\u00e9rique restaur\u00e9e par la Cin\u00e9math\u00e8que de Grenoble.<br \/>\nEn pr\u00e9sence de Chi-Yan Wong.<br \/>\n<a href=\"https:\/\/www.cinemathequedegrenoble.fr\/agenda\/archipel-grenoble-4-laspect-rose-de-la-chose\/\" target=\"_blank\">Lien vers le site de la cin\u00e9mat\u00e8que de Grenoble<\/a><\/p>\n\n<!-- template extrait_fiche_post --><div id=\"rubrique\" class=\"trailer\"><i class=\"fa fa-film\"><\/i>&nbsp;Fiche film<br><hr><\/div><table class=\"extrait-film\"><tr><td width=\"100\"><div class=\"vignette-affiche-extrait\" width=\"100px\" height=\"150px\"><figure><a href=\"https:\/\/www.vuesdenface.com\/web\/film\/laspect-rose-de-la-chose\/\"><img loading=\"lazy\" decoding=\"async\" src=\"https:\/\/www.vuesdenface.com\/web\/wp-content\/vignettes-vdef\/2014\/07\/100x150\/Chi-Yan_Wong_1980-100x150.jpeg\" width=\"100\" height=\"150\" class=\"vignette-affiche-extrait\" alt=\"L'aspect rose des choses\" title=\"L'aspect rose des choses\" rel=\"\"><\/a><figcaption><a href=\"https:\/\/www.vuesdenface.com\/web\/film\/laspect-rose-de-la-chose\/\"><\/a><\/figcaption><\/figure><\/div><\/td><td><article class=\"post-extrait\"><header class=\"extrait-header\"><span class=\"titre-film-h1\"><a rel=\"bookmark\" href=\"https:\/\/www.vuesdenface.com\/web\/film\/laspect-rose-de-la-chose\/\">L'aspect rose des choses<\/a><\/span><\/header><i>Documentaire&nbsp;&bull;&nbsp;France&nbsp;&bull;&nbsp;1980&nbsp;&bull;&nbsp;74 minutes&nbsp;&bull;&nbsp;VF<\/i><br\/><span> Tourn\u00e9 en 1980 \u00e0 Grenoble., L\u2019Aspect rose de la chose est l\u2019un des rares films ouvertement politique sur l\u2019homosexualit\u00e9 en France. En brossant le portrait collectif des membres du GLH (Groupe de Lib\u00e9ration Homosexuelle), sont directement abord\u00e9s le th\u00e8me du couple, du ghetto, de la follitude, la ...<\/span><a class=\"readmore\" href=\"https:\/\/www.vuesdenface.com\/web\/film\/laspect-rose-de-la-chose\/\">    Continuer la lecture \u2192<\/a><\/td><\/tr><\/table>\n<div class=\"rubrique\"><div class=\"rubrique-icone\"><i class=\"fa fa-picture-o fa-lg\"><\/i><\/div><div class=\"rubrique-texte\">Photos<br><\/div><hr><\/div>\n<div class=\"su-custom-gallery su-custom-gallery-align-left su-custom-gallery-title-never rel\"><div class=\"su-custom-gallery-slide\" style=\"width:180px;height:180px\"><a><img loading=\"lazy\" decoding=\"async\" src=\"https:\/\/www.vuesdenface.com\/web\/wp-content\/uploads\/2014\/07\/aspect-rose-de-la-choses-1-180x180.jpg\" alt=\"aspect-rose-de-la-choses-1\" width=\"180\" height=\"180\" \/><span class=\"su-custom-gallery-title\">aspect-rose-de-la-choses-1<\/span><\/a><\/div><div class=\"su-custom-gallery-slide\" style=\"width:180px;height:180px\"><a><img loading=\"lazy\" decoding=\"async\" src=\"https:\/\/www.vuesdenface.com\/web\/wp-content\/uploads\/2014\/07\/aspect-rose-de-la-choses-2-180x180.jpg\" alt=\"aspect-rose-de-la-choses-2\" width=\"180\" height=\"180\" \/><span class=\"su-custom-gallery-title\">aspect-rose-de-la-choses-2<\/span><\/a><\/div><div class=\"su-custom-gallery-slide\" style=\"width:180px;height:180px\"><a><img loading=\"lazy\" decoding=\"async\" src=\"https:\/\/www.vuesdenface.com\/web\/wp-content\/uploads\/2014\/07\/aspect-rose-de-la-choses-3-180x180.jpg\" alt=\"aspect-rose-de-la-choses-3\" width=\"180\" height=\"180\" \/><span class=\"su-custom-gallery-title\">aspect-rose-de-la-choses-3<\/span><\/a><\/div><div class=\"su-clear\"><\/div><\/div>\n","protected":false},"excerpt":{"rendered":"<p>Pr\u00e9sent\u00e9 lors de la seconde \u00e9dition du festival, red\u00e9couvrez L&rsquo;aspect rose de la Chose. Documentaire tourn\u00e9 en 1980 par Chi-Yan Wong, un des membre fondateur du Festival Vues d&rsquo;en face. Projection de la copie num\u00e9rique restaur\u00e9e par la Cin\u00e9math\u00e8que de Grenoble. En pr\u00e9sence de Chi-Yan Wong. Lien vers le site de la cin\u00e9mat\u00e8que de Grenoble<\/p>\n","protected":false},"author":7,"featured_media":16690,"comment_status":"closed","ping_status":"closed","sticky":false,"template":"","format":"standard","meta":{"footnotes":""},"categories":[242,234],"tags":[],"class_list":["post-16685","post","type-post","status-publish","format-standard","has-post-thumbnail","hentry","category-actus","category-programmation"],"_links":{"self":[{"href":"https:\/\/www.vuesdenface.com\/web\/wp-json\/wp\/v2\/posts\/16685","targetHints":{"allow":["GET"]}}],"collection":[{"href":"https:\/\/www.vuesdenface.com\/web\/wp-json\/wp\/v2\/posts"}],"about":[{"href":"https:\/\/www.vuesdenface.com\/web\/wp-json\/wp\/v2\/types\/post"}],"author":[{"embeddable":true,"href":"https:\/\/www.vuesdenface.com\/web\/wp-json\/wp\/v2\/users\/7"}],"replies":[{"embeddable":true,"href":"https:\/\/www.vuesdenface.com\/web\/wp-json\/wp\/v2\/comments?post=16685"}],"version-history":[{"count":10,"href":"https:\/\/www.vuesdenface.com\/web\/wp-json\/wp\/v2\/posts\/16685\/revisions"}],"predecessor-version":[{"id":16747,"href":"https:\/\/www.vuesdenface.com\/web\/wp-json\/wp\/v2\/posts\/16685\/revisions\/16747"}],"wp:featuredmedia":[{"embeddable":true,"href":"https:\/\/www.vuesdenface.com\/web\/wp-json\/wp\/v2\/media\/16690"}],"wp:attachment":[{"href":"https:\/\/www.vuesdenface.com\/web\/wp-json\/wp\/v2\/media?parent=16685"}],"wp:term":[{"taxonomy":"category","embeddable":true,"href":"https:\/\/www.vuesdenface.com\/web\/wp-json\/wp\/v2\/categories?post=16685"},{"taxonomy":"post_tag","embeddable":true,"href":"https:\/\/www.vuesdenface.com\/web\/wp-json\/wp\/v2\/tags?post=16685"}],"curies":[{"name":"wp","href":"https:\/\/api.w.org\/{rel}","templated":true}]}}