
{"id":16783,"date":"2026-08-26T18:23:05","date_gmt":"2026-08-26T17:23:05","guid":{"rendered":"https:\/\/www.vuesdenface.com\/web\/?p=16783"},"modified":"2026-08-26T18:37:59","modified_gmt":"2026-08-26T17:37:59","slug":"face-a-la-mer-au-cinema-le-club","status":"publish","type":"post","link":"https:\/\/www.vuesdenface.com\/web\/face-a-la-mer-au-cinema-le-club\/","title":{"rendered":"Face \u00e0 la mer au cin\u00e9ma Le Club"},"content":{"rendered":"<p>\u00c0 l&rsquo;occasion de la sortie, du film Face \u00e0 la mer de Helen Walsh, Vues d&rsquo;en face animera la premi\u00e8re projection de ce film au Cin\u00e9ma Le Club ce mercredi 26 ao\u00fbt \u00e0 20h30.<\/p>\n<p><img loading=\"lazy\" decoding=\"async\" class=\"aligncenter wp-image-16784 size-full\" src=\"https:\/\/www.vuesdenface.com\/web\/wp-content\/uploads\/2026\/08\/Face-a-la-mer.jpg\" alt=\"\" width=\"2048\" height=\"858\" srcset=\"https:\/\/www.vuesdenface.com\/web\/wp-content\/uploads\/2026\/08\/Face-a-la-mer.jpg 2048w, https:\/\/www.vuesdenface.com\/web\/wp-content\/uploads\/2026\/08\/Face-a-la-mer-300x126.jpg 300w, https:\/\/www.vuesdenface.com\/web\/wp-content\/uploads\/2026\/08\/Face-a-la-mer-1024x429.jpg 1024w, https:\/\/www.vuesdenface.com\/web\/wp-content\/uploads\/2026\/08\/Face-a-la-mer-1536x644.jpg 1536w, https:\/\/www.vuesdenface.com\/web\/wp-content\/uploads\/2026\/08\/Face-a-la-mer-210x88.jpg 210w, https:\/\/www.vuesdenface.com\/web\/wp-content\/uploads\/2026\/08\/Face-a-la-mer-1320x553.jpg 1320w\" sizes=\"auto, (max-width: 2048px) 100vw, 2048px\" \/><br \/>\nJack est mari\u00e9 \u00e0 Maggie depuis plus de la moiti\u00e9 de sa vie. Il travaille comme ramasseur de moules dans les bancs du nord du Pays de Galles avec son jeune fr\u00e8re, Dyfan, et ses trois fils. Jack a toujours pens\u00e9 que son fils, Tom, rejoindrait l\u2019entreprise familiale \u00e0 la fin de ses \u00e9tudes, mais la r\u00e9ticence de Tom \u00e0 suivre ses traces provoque des tensions familiales. Celles-ci sont encore exacerb\u00e9es par l\u2019arriv\u00e9e d\u2019un matelot itin\u00e9rant, Daniel, qui avoue ses sentiments \u00e0 Jack. Dans cette communaut\u00e9 rurale isol\u00e9e o\u00f9 la vie tourne autour de l\u2019\u00c9glise et de la p\u00eache, Jack est confront\u00e9 \u00e0 un dilemme insurmontable.<\/p>\n<p>Un film de Helen Walsh &#8211; 2026 &#8211; VOSTF anglais &#8211; 1h56min &#8211; drame, romance<\/p>\n<div class=\"rubrique\"><div class=\"rubrique-icone\"><i class=\"fa fa-picture-o fa-lg\"><\/i><\/div><div class=\"rubrique-texte\">Photos<br><\/div><hr><\/div>\n<div class=\"su-custom-gallery su-custom-gallery-align-left su-custom-gallery-title-never rel\"><div class=\"su-custom-gallery-slide\" style=\"width:180px;height:180px\"><a><img loading=\"lazy\" decoding=\"async\" src=\"https:\/\/www.vuesdenface.com\/web\/wp-content\/uploads\/2026\/08\/face-a-la-mer-01-180x180.jpg\" alt=\"face-a-la-mer-01\" width=\"180\" height=\"180\" \/><span class=\"su-custom-gallery-title\">face-a-la-mer-01<\/span><\/a><\/div><div class=\"su-custom-gallery-slide\" style=\"width:180px;height:180px\"><a><img loading=\"lazy\" decoding=\"async\" src=\"https:\/\/www.vuesdenface.com\/web\/wp-content\/uploads\/2026\/08\/face-a-la-mer-02-180x180.jpg\" alt=\"face-a-la-mer-02\" width=\"180\" height=\"180\" \/><span class=\"su-custom-gallery-title\">face-a-la-mer-02<\/span><\/a><\/div><div class=\"su-custom-gallery-slide\" style=\"width:180px;height:180px\"><a><img loading=\"lazy\" decoding=\"async\" src=\"https:\/\/www.vuesdenface.com\/web\/wp-content\/uploads\/2026\/08\/face-a-la-mer-04-180x180.jpg\" alt=\"face-a-la-mer-04\" width=\"180\" height=\"180\" \/><span class=\"su-custom-gallery-title\">face-a-la-mer-04<\/span><\/a><\/div><div class=\"su-custom-gallery-slide\" style=\"width:180px;height:180px\"><a><img loading=\"lazy\" decoding=\"async\" src=\"https:\/\/www.vuesdenface.com\/web\/wp-content\/uploads\/2026\/08\/face-a-la-mer-03-180x180.jpg\" alt=\"face-a-la-mer-03\" width=\"180\" height=\"180\" \/><span class=\"su-custom-gallery-title\">face-a-la-mer-03<\/span><\/a><\/div><div class=\"su-clear\"><\/div><\/div>\n\n<!-- template extrait_fiche_post --><div id=\"rubrique\" class=\"trailer\"><i class=\"fa fa-film\"><\/i>&nbsp;Fiche film<br><hr><\/div><table class=\"extrait-film\"><tr><td width=\"100\"><div class=\"vignette-affiche-extrait\" width=\"100px\" height=\"150px\"><figure><a href=\"https:\/\/www.vuesdenface.com\/web\/film\/face-a-la-mer\/\"><img loading=\"lazy\" decoding=\"async\" src=\"https:\/\/www.vuesdenface.com\/web\/wp-content\/vignettes-vdef\/2026\/08\/100x150\/face-a-la-mer-poster-100x150.jpg\" width=\"100\" height=\"150\" class=\"vignette-affiche-extrait\" alt=\"Face \u00e0 la mer\" title=\"Face \u00e0 la mer\" rel=\"\"><\/a><figcaption><a href=\"https:\/\/www.vuesdenface.com\/web\/film\/face-a-la-mer\/\"><\/a><\/figcaption><\/figure><\/div><\/td><td><article class=\"post-extrait\"><header class=\"extrait-header\"><span class=\"titre-film-h1\"><a rel=\"bookmark\" href=\"https:\/\/www.vuesdenface.com\/web\/film\/face-a-la-mer\/\">Face \u00e0 la mer<\/a><\/span>&nbsp;&bull;&nbsp;On The Sea<\/header><i>Com\u00e9die dramatique et Com\u00e9die romantique2026&nbsp;&bull;&nbsp;116 minutes&nbsp;&bull;&nbsp;VOSTF<\/i><br\/><span> Jack est mari\u00e9 \u00e0 Maggie depuis plus de la moiti\u00e9 de sa vie. Il travaille comme ramasseur de moules dans les bancs du nord du Pays de Galles avec son jeune fr\u00e8re, Dyfan, et ses trois fils. Jack a toujours pens\u00e9 que son fils, Tom, rejoindrait l\u2019entreprise familiale \u00e0 la fin de ses \u00e9tudes, mais la ...<\/span><a class=\"readmore\" href=\"https:\/\/www.vuesdenface.com\/web\/film\/face-a-la-mer\/\">    Continuer la lecture \u2192<\/a><\/td><\/tr><\/table>\n","protected":false},"excerpt":{"rendered":"<p>\u00c0 l&rsquo;occasion de la sortie, du film Face \u00e0 la mer de Helen Walsh, Vues d&rsquo;en face animera la premi\u00e8re projection de ce film au Cin\u00e9ma Le Club ce mercredi 26 ao\u00fbt \u00e0 20h30. Jack est mari\u00e9 \u00e0 Maggie depuis plus de la moiti\u00e9 de sa vie. Il travaille comme ramasseur de moules dans les &hellip; <a class=\"readmore\" href=\"https:\/\/www.vuesdenface.com\/web\/face-a-la-mer-au-cinema-le-club\/\">Continuer la lecture &rarr;<\/a><\/p>\n","protected":false},"author":7,"featured_media":16797,"comment_status":"closed","ping_status":"closed","sticky":false,"template":"","format":"standard","meta":{"footnotes":""},"categories":[242],"tags":[],"class_list":["post-16783","post","type-post","status-publish","format-standard","has-post-thumbnail","hentry","category-actus"],"_links":{"self":[{"href":"https:\/\/www.vuesdenface.com\/web\/wp-json\/wp\/v2\/posts\/16783","targetHints":{"allow":["GET"]}}],"collection":[{"href":"https:\/\/www.vuesdenface.com\/web\/wp-json\/wp\/v2\/posts"}],"about":[{"href":"https:\/\/www.vuesdenface.com\/web\/wp-json\/wp\/v2\/types\/post"}],"author":[{"embeddable":true,"href":"https:\/\/www.vuesdenface.com\/web\/wp-json\/wp\/v2\/users\/7"}],"replies":[{"embeddable":true,"href":"https:\/\/www.vuesdenface.com\/web\/wp-json\/wp\/v2\/comments?post=16783"}],"version-history":[{"count":7,"href":"https:\/\/www.vuesdenface.com\/web\/wp-json\/wp\/v2\/posts\/16783\/revisions"}],"predecessor-version":[{"id":16805,"href":"https:\/\/www.vuesdenface.com\/web\/wp-json\/wp\/v2\/posts\/16783\/revisions\/16805"}],"wp:featuredmedia":[{"embeddable":true,"href":"https:\/\/www.vuesdenface.com\/web\/wp-json\/wp\/v2\/media\/16797"}],"wp:attachment":[{"href":"https:\/\/www.vuesdenface.com\/web\/wp-json\/wp\/v2\/media?parent=16783"}],"wp:term":[{"taxonomy":"category","embeddable":true,"href":"https:\/\/www.vuesdenface.com\/web\/wp-json\/wp\/v2\/categories?post=16783"},{"taxonomy":"post_tag","embeddable":true,"href":"https:\/\/www.vuesdenface.com\/web\/wp-json\/wp\/v2\/tags?post=16783"}],"curies":[{"name":"wp","href":"https:\/\/api.w.org\/{rel}","templated":true}]}}