{"id":4159,"date":"2013-06-05T21:57:11","date_gmt":"2013-06-05T20:57:11","guid":{"rendered":"http:\/\/www.vuesdenface.com\/web\/?p=4159"},"modified":"2014-02-19T23:35:56","modified_gmt":"2014-02-19T22:35:56","slug":"l-inconnu-du-lac","status":"publish","type":"post","link":"https:\/\/www.vuesdenface.com\/web\/l-inconnu-du-lac\/","title":{"rendered":"L\u2019inconnu du Lac &#8211; mercredi 12 juin 2013 \u00e0 20h15"},"content":{"rendered":"<h3>Soir\u00e9e en partenariat avec le cin\u00e9ma Le M\u00e9lies<\/h3>\n\n<h4>Mercredi 12 juin \u00e0 20h15<\/h4>\n<p><strong>L\u2019inconnu du Lac<\/strong><br \/>\n<em>de Alain Guiraudie<\/em><br \/>\n<strong>Tarif r\u00e9duit pour tous<\/strong><\/p>\n<p>Le jury de la <strong>Queer Palm<\/strong>, pr\u00e9sid\u00e9 cette ann\u00e9e par le r\u00e9alisateur portugais Joao Pedro Rodrigues,  a distingu\u00e9 le film d\u2019<strong>Alain Guiraudie<\/strong>,  <em><strong>L\u2019inconnu du lac<\/strong><\/em>, s\u00e9lectionn\u00e9 dans la cat\u00e9gorie \u00ab\u00a0Un certain regard\u00a0\u00bb \u00e0 Cannes.<\/p>\n\n<!-- template extrait_fiche_post --><div id=\"rubrique\" class=\"trailer\"><i class=\"fa fa-film\"><\/i>&nbsp;Fiche film<br><hr><\/div><table class=\"extrait-film\"><tr><td width=\"100\"><div class=\"vignette-affiche-extrait\" width=\"100px\" height=\"150px\"><figure><a href=\"https:\/\/www.vuesdenface.com\/web\/film\/linconnu-du-lac\/\"><img loading=\"lazy\" decoding=\"async\" src=\"https:\/\/www.vuesdenface.com\/web\/wp-content\/vignettes-vdef\/2014\/02\/100x150\/inconnu-du-lac-100x150.jpg\" width=\"100\" height=\"150\" class=\"vignette-affiche-extrait\" alt=\"L'inconnu du lac\" title=\"L'inconnu du lac\" rel=\"\"><\/a><figcaption><a href=\"https:\/\/www.vuesdenface.com\/web\/film\/linconnu-du-lac\/\"><\/a><\/figcaption><\/figure><\/div><\/td><td><article class=\"post-extrait\"><header class=\"extrait-header\"><span class=\"titre-film-h1\"><a rel=\"bookmark\" href=\"https:\/\/www.vuesdenface.com\/web\/film\/linconnu-du-lac\/\">L'inconnu du lac<\/a><\/span><\/header><i>Drame&nbsp;&bull;&nbsp;France&nbsp;&bull;&nbsp;2013&nbsp;&bull;&nbsp;97 minutes&nbsp;&bull;&nbsp;VF<\/i><br\/><span>Sur les bords d\u2019un lac, en \u00e9t\u00e9, \u00e0 c\u00f4t\u00e9 d\u2019un bois, des homosexuels en qu\u00eate d\u2019aventures se retrouvent pour draguer. Le jeune Frank y rencontre Michel, un homme superbe et myst\u00e9rieux avec qui il va vivre une v\u00e9ritable passion.\n<\/span><a class=\"readmore\" href=\"https:\/\/www.vuesdenface.com\/web\/film\/linconnu-du-lac\/\">    Continuer la lecture \u2192<\/a><\/td><\/tr><\/table>\n","protected":false},"excerpt":{"rendered":"<p>Soir\u00e9e en partenariat avec le cin\u00e9ma Le M\u00e9lies Mercredi 12 juin \u00e0 20h15 L\u2019inconnu du Lac de Alain Guiraudie Tarif r\u00e9duit pour tous Le jury de la Queer Palm, pr\u00e9sid\u00e9 cette ann\u00e9e par le r\u00e9alisateur portugais Joao Pedro Rodrigues, a distingu\u00e9 le film d\u2019Alain Guiraudie, L\u2019inconnu du lac, s\u00e9lectionn\u00e9 dans la cat\u00e9gorie \u00ab\u00a0Un certain regard\u00a0\u00bb &hellip; <a class=\"readmore\" href=\"https:\/\/www.vuesdenface.com\/web\/l-inconnu-du-lac\/\">Continuer la lecture &rarr;<\/a><\/p>\n","protected":false},"author":2,"featured_media":4163,"comment_status":"closed","ping_status":"open","sticky":false,"template":"","format":"standard","meta":{"footnotes":""},"categories":[242],"tags":[],"class_list":["post-4159","post","type-post","status-publish","format-standard","has-post-thumbnail","hentry","category-actus"],"_links":{"self":[{"href":"https:\/\/www.vuesdenface.com\/web\/wp-json\/wp\/v2\/posts\/4159","targetHints":{"allow":["GET"]}}],"collection":[{"href":"https:\/\/www.vuesdenface.com\/web\/wp-json\/wp\/v2\/posts"}],"about":[{"href":"https:\/\/www.vuesdenface.com\/web\/wp-json\/wp\/v2\/types\/post"}],"author":[{"embeddable":true,"href":"https:\/\/www.vuesdenface.com\/web\/wp-json\/wp\/v2\/users\/2"}],"replies":[{"embeddable":true,"href":"https:\/\/www.vuesdenface.com\/web\/wp-json\/wp\/v2\/comments?post=4159"}],"version-history":[{"count":3,"href":"https:\/\/www.vuesdenface.com\/web\/wp-json\/wp\/v2\/posts\/4159\/revisions"}],"predecessor-version":[{"id":4168,"href":"https:\/\/www.vuesdenface.com\/web\/wp-json\/wp\/v2\/posts\/4159\/revisions\/4168"}],"wp:featuredmedia":[{"embeddable":true,"href":"https:\/\/www.vuesdenface.com\/web\/wp-json\/wp\/v2\/media\/4163"}],"wp:attachment":[{"href":"https:\/\/www.vuesdenface.com\/web\/wp-json\/wp\/v2\/media?parent=4159"}],"wp:term":[{"taxonomy":"category","embeddable":true,"href":"https:\/\/www.vuesdenface.com\/web\/wp-json\/wp\/v2\/categories?post=4159"},{"taxonomy":"post_tag","embeddable":true,"href":"https:\/\/www.vuesdenface.com\/web\/wp-json\/wp\/v2\/tags?post=4159"}],"curies":[{"name":"wp","href":"https:\/\/api.w.org\/{rel}","templated":true}]}}