{"id":4298,"date":"2013-03-14T22:25:00","date_gmt":"2013-03-14T21:25:00","guid":{"rendered":"http:\/\/www.vuesdenface.com\/web\/?p=4298"},"modified":"2014-02-23T01:07:01","modified_gmt":"2014-02-23T00:07:01","slug":"vuesdenface-12-le-programme-arrive","status":"publish","type":"post","link":"https:\/\/www.vuesdenface.com\/web\/vuesdenface-12-le-programme-arrive\/","title":{"rendered":"Vues d&rsquo;en face #12 : le programme arrive !"},"content":{"rendered":"<p>Le mariage est au c\u0153ur de l\u2019actualit\u00e9, pourquoi pas pour <em><strong>Vues d\u2019en Face<\/strong><\/em> ?<br \/>\nLe Festival lance sa 12e \u00e9dition pour une semaine <strong>\u00e0 partir du 12 avril 2013 et jusqu\u2019au 21 avril 2013<\/strong>. Il f\u00eate ainsi ses noces de soie avec son public, ses partenaires et le monde du cin\u00e9ma !<\/p>\n<p>Le <strong><em>Festival International du Film Gay et Lesbien de Grenoble<\/em><\/strong> prend tout son sens apr\u00e8s les d\u00e9bats virulents sur le \u00ab mariage pour tous \u00bb : contribuer \u00e0 l\u2019\u00e9volution des mentalit\u00e9s dans la reconnaissance et le respect des diff\u00e9rences par une programmation exigeante, par la visibilit\u00e9 de sa communication et en \u00e9largissant son audience aupr\u00e8s de tous les publics.<br \/>\nNotre visuel, r\u00e9alis\u00e9 en partenariat avec les \u00e9l\u00e8ves de Supcr\u00e9a, traduit ce souhait en tra\u00e7ant un pont entre les genres et les orientations sexuelles au travers du cin\u00e9ma.<\/p>\n<figure class=\"grille-vignettes\"><a href=\"https:\/\/www.vuesdenface.com\/web\/wp-content\/uploads\/2013\/12\/vdef-catalogue-edition-12.pdf\"><img loading=\"lazy\" decoding=\"async\" src=\"https:\/\/www.vuesdenface.com\/web\/wp-content\/vignettes-vdef\/2013\/12\/100x150\/vdef-catalogue-edition-12-100x150.jpg\" width=\"100\" height=\"150\" class=\"photo-film\" alt=\"\" rel=\"\" title=\"Vues d'en face #12 : le programme arrive !\"><\/a><figcaption><a href=\"https:\/\/www.vuesdenface.com\/web\/wp-content\/uploads\/2013\/12\/vdef-catalogue-edition-12.pdf\">Vues d'en face #12 : le programme arrive !&nbsp;&nbsp;&nbsp;&nbsp;&nbsp;<\/a><br\/>(pdf de 8.7 Mo)&nbsp;&nbsp;&nbsp;&nbsp;<\/figcaption><\/figure><div class=\"clear\"><\/br><\/div>\n<p>Notre \u00e9quipe a comme toujours choisi une programmation internationale et novatrice. Pas moins de 24 s\u00e9ances seront projet\u00e9es au Cin\u00e9ma Le Club \u00e0 Grenoble. C\u2019est un cin\u00e9ma r\u00e9nov\u00e9 qui nous accueillera pour notre plus grand plaisir et celui des spectateurs.<br \/>\nLe Festival ouvrira le vendredi 12 avril \u00e0 20h avec <em><strong>Melting Away<\/strong><\/em>, magnifique film isra\u00e9lien abordant les relations parents enfant, la d\u00e9finition du genre, l\u2019intimit\u00e9, le changement et l\u2019acceptation.<br \/>\nCes mots forts portent notre programmation o\u00f9 se retrouvent la vitalit\u00e9 du cin\u00e9ma isra\u00e9lien, la force des premiers films au N\u00e9pal ou en Iran, la richesse des documentaires, la multitude des th\u00e9matiques qui touchent gays, lesbiennes, transsexuels et bisexuels.<\/p>\n<p>Retrouvez la pr\u00e9sentation de chacun des films sur <a href=\"http:\/\/www.vuesdenface.com\">www.vuesdenface.com<\/a> \u00e0 partir du 20 mars pour pr\u00e9parer votre semaine de Festival.<\/p>\n<p>Le Festival, c\u2019est encore plus de plaisir, avec une d\u00e9gustation de vin le dimanche 14 avril, des b\u00e9d\u00e9s et de la musique ! Comme chaque ann\u00e9e, nos partenariats \u00e9tablissent des passerelles avec de multiples acteurs du monde cin\u00e9matographique et culturel.<br \/>\nD\u00e8s le 30 mars, soir\u00e9e \u00e9lectro pop d\u00e9tonante en partenariat avec le <em><strong>festival Les femmes s\u2019en m\u00ealent<\/strong><\/em> et <em><strong>R\u00e9gie2c<\/strong><\/em>. Une triple programmation internationale pour d\u00e9marrer les festivit\u00e9s.<br \/>\nR\u00e9servez d\u00e8s aujourd\u2019hui sur <a href=\"http:\/\/www.regie2c.fr\">www.regie2c.fr<\/a> !<\/p>\n<p>Le 2 avril, avec le <strong><em>Centre Culturel Cin\u00e9matographique<\/em><\/strong>, red\u00e9couvrez <em><strong>Avant la nuit<\/strong><\/em> \u00e0 la salle Juliet Berto. Un casting de stars pour un film phare : Javier Barden splendide, accompagn\u00e9 de Sean Penn et d\u2019un \u00e9tonnant Johnny Depp.<br \/>\nNotre partenariat avec les Biblioth\u00e8ques Municipales commencera le 4 avril, \u00e0 la <strong><em>biblioth\u00e8que Kateb Yacine<\/em><\/strong>. Retrouvez le film documentaire <strong><em>Ralph K\u00f6nig, le roi des B\u00e9d\u00e9s<\/em><\/strong>, qui r\u00e9v\u00e8le le c\u00e9l\u00e8bre humoriste et dessinateur allemand, sp\u00e9cialis\u00e9 dans les histoires gay.<br \/>\nLa b\u00e9d\u00e9, parlons-en : deux partenariats mettent en valeur le 9e art. L\u2019un avec <strong><em>projet17mai.com<\/em><\/strong>, qui lutte contre l\u2019homophobie, l\u2019autre avec Les chroniques mauves, qui retrace l\u2019histoire de lesbiennes fran\u00e7aises depuis 40 ans. A d\u00e9couvrir au bistrot les Copains d\u2019Abord, sur le campus universitaire et \u00e0 la salle 6, annexe du Club.<\/p>\n<figure class=\"grille-vignettes\"><a href=\"https:\/\/www.vuesdenface.com\/web\/wp-content\/uploads\/2013\/11\/dossier-programmation-12-ans.pdf\"><img loading=\"lazy\" decoding=\"async\" src=\"https:\/\/www.vuesdenface.com\/web\/wp-content\/vignettes-vdef\/2013\/11\/100x150\/dossier-programmation-12-ans-100x150.jpg\" width=\"100\" height=\"150\" class=\"photo-film\" alt=\"\" rel=\"\" title=\"Vues d'en face #12 : le programme arrive !\"><\/a><figcaption><a href=\"https:\/\/www.vuesdenface.com\/web\/wp-content\/uploads\/2013\/11\/dossier-programmation-12-ans.pdf\">Vues d'en face #12 : le programme arrive !&nbsp;&nbsp;&nbsp;&nbsp;&nbsp;<\/a><br\/>(pdf de 1.96 Mo)&nbsp;&nbsp;&nbsp;&nbsp;<\/figcaption><\/figure><div class=\"clear\"><\/br><\/div>\n<p>C\u2019est parti : tenez-vous inform\u00e9s sur <a href=\"http:\/\/www.vuesdenface.com\">www.vuesdenface.com<\/a> pour tout conna\u00eetre de ces \u00e9v\u00e9nements et de notre programmation !<\/p>\n<div id=\"rubrique-documents\">Partenaires<hr class=\"no-margin-up-down\"><div class=\"case-grille\"><a rel=\"la Ville de Grenoble\" href=\"https:\/\/www.vuesdenface.com\/web\/partenaires\/ville-de-grenoble\/\"><img decoding=\"async\" src=\"https:\/\/www.vuesdenface.com\/web\/wp-content\/vignettes-vdef\/2013\/11\/100x100\/logo-Grenoble-100x100.png\" width =\"100\" height =\"100\" class=\"logo-centre tableau-logo\" alt=\"Logo la Ville de Grenoble\"><\/a><\/div><div class=\"case-grille\"><a rel=\"la R\u00e9gion Rh\u00f4ne-Alpes\" href=\"https:\/\/www.vuesdenface.com\/web\/partenaires\/region-rhone-alpes\/\"><img decoding=\"async\" src=\"https:\/\/www.vuesdenface.com\/web\/wp-content\/vignettes-vdef\/2013\/11\/100x100\/logo-region-rhone-alpes-100x100.png\" width =\"100\" height =\"100\" class=\"logo-centre tableau-logo\" alt=\"Logo la R\u00e9gion Rh\u00f4ne-Alpes\"><\/a><\/div><div class=\"case-grille\"><a rel=\"le Conseil G\u00e9n\u00e9ral de l'Is\u00e8re\" href=\"https:\/\/www.vuesdenface.com\/web\/partenaires\/conseil-general-isere\/\"><img decoding=\"async\" src=\"https:\/\/www.vuesdenface.com\/web\/wp-content\/vignettes-vdef\/2013\/11\/100x100\/logo-conseil-general-isere-CG38-100x100.png\" width =\"100\" height =\"100\" class=\"logo-centre tableau-logo\" alt=\"Logo le Conseil G\u00e9n\u00e9ral de l'Is\u00e8re\"><\/a><\/div><div class=\"case-grille\"><a rel=\"Grenoble Alpes M\u00e9tropole\" href=\"https:\/\/www.vuesdenface.com\/web\/partenaires\/grenoble-alpes-metropole\/\"><img decoding=\"async\" src=\"https:\/\/www.vuesdenface.com\/web\/wp-content\/vignettes-vdef\/2013\/11\/100x100\/Logo-metro-print-fond-jaune-JPG-100x100.jpg\" width =\"100\" height =\"100\" class=\"logo-centre tableau-logo\" alt=\"Logo Grenoble Alpes M\u00e9tropole\"><\/a><\/div><div class=\"case-grille\"><a rel=\"l'Office de Tourisme de Grenoble\" href=\"https:\/\/www.vuesdenface.com\/web\/partenaires\/office-de-tourisme-de-grenoble\/\"><img decoding=\"async\" src=\"https:\/\/www.vuesdenface.com\/web\/wp-content\/vignettes-vdef\/2013\/11\/100x100\/Office-de-tourisme-100x100.png\" width =\"100\" height =\"100\" class=\"logo-centre tableau-logo\" alt=\"Logo l'Office de Tourisme de Grenoble\"><\/a><\/div><div class=\"case-grille\"><a rel=\"Le Cin\u00e9ma Le Club\" href=\"https:\/\/www.vuesdenface.com\/web\/partenaires\/le-club\/\"><img decoding=\"async\" src=\"https:\/\/www.vuesdenface.com\/web\/wp-content\/vignettes-vdef\/2014\/01\/100x100\/le-club-noir-100x100.png\" width =\"100\" height =\"100\" class=\"logo-centre tableau-logo\" alt=\"Logo Le Cin\u00e9ma Le Club\"><\/a><\/div><div class=\"case-grille\"><a rel=\"la Biblioth\u00e8que Municipale Centre Ville\" href=\"https:\/\/www.vuesdenface.com\/web\/partenaires\/bibliotheque-municipale-centre-ville\/\"><img decoding=\"async\" src=\"https:\/\/www.vuesdenface.com\/web\/wp-content\/vignettes-vdef\/2013\/11\/125x62.5\/BIB-fond-transparent-125x62.5.png\" width =\"125\" height =\"62.5\" class=\"logo-centre tableau-logo\" alt=\"Logo la Biblioth\u00e8que Municipale Centre Ville\"><\/a><\/div><div class=\"case-grille\"><a rel=\"la Biblioth\u00e8que Municipale Kateb Yacine\" href=\"https:\/\/www.vuesdenface.com\/web\/partenaires\/bibliotheque-municipale-katheb-yacine\/\"><img decoding=\"async\" src=\"https:\/\/www.vuesdenface.com\/web\/wp-content\/vignettes-vdef\/2013\/11\/125x62.5\/logo-bibliotheques-125x62.5.png\" width =\"125\" height =\"62.5\" class=\"logo-centre tableau-logo\" alt=\"Logo la Biblioth\u00e8que Municipale Kateb Yacine\"><\/a><\/div><div class=\"case-grille\"><a rel=\"la Cin\u00e9math\u00e8que de Grenoble\" href=\"https:\/\/www.vuesdenface.com\/web\/partenaires\/cinematheque\/\"><img decoding=\"async\" src=\"https:\/\/www.vuesdenface.com\/web\/wp-content\/vignettes-vdef\/2013\/11\/125x62.5\/cg-logo-rvb-2lignes-125x62.5.png\" width =\"125\" height =\"62.5\" class=\"logo-centre tableau-logo\" alt=\"Logo la Cin\u00e9math\u00e8que de Grenoble\"><\/a><\/div><div class=\"case-grille\"><a rel=\"Un Tramway nomm\u00e9 culture\" href=\"https:\/\/www.vuesdenface.com\/web\/partenaires\/tnc\/\"><img decoding=\"async\" src=\"https:\/\/www.vuesdenface.com\/web\/wp-content\/vignettes-vdef\/2014\/01\/150x62.5\/TNC-150x62.5.png\" width =\"150\" height =\"62.5\" class=\"logo-centre tableau-logo\" alt=\"Logo Un Tramway nomm\u00e9 culture\"><\/a><\/div><div class=\"case-grille\"><a rel=\"La R\u00e9gie 2C - Musiques Amplifi\u00e9es Grenoble\" href=\"https:\/\/www.vuesdenface.com\/web\/partenaires\/regie-2c\/\"><img decoding=\"async\" src=\"https:\/\/www.vuesdenface.com\/web\/wp-content\/vignettes-vdef\/2013\/11\/125x62.5\/logo-regie2c-125x62.5.jpg\" width =\"125\" height =\"62.5\" class=\"logo-centre tableau-logo\" alt=\"Logo La R\u00e9gie 2C - Musiques Amplifi\u00e9es Grenoble\"><\/a><\/div><div class=\"case-grille\"><a rel=\"Supcr\u00e9a Grenoble\" href=\"https:\/\/www.vuesdenface.com\/web\/partenaires\/supcrea-grenoble\/\"><img decoding=\"async\" src=\"https:\/\/www.vuesdenface.com\/web\/wp-content\/vignettes-vdef\/2013\/11\/125x62.5\/logo-supcrea-125x62.5.png\" width =\"125\" height =\"62.5\" class=\"logo-centre tableau-logo\" alt=\"Logo Supcr\u00e9a Grenoble\"><\/a><\/div><div class=\"case-grille\"><a rel=\"la Bobine\" href=\"https:\/\/www.vuesdenface.com\/web\/partenaires\/la-bobine\/\"><img decoding=\"async\" src=\"https:\/\/www.vuesdenface.com\/web\/wp-content\/vignettes-vdef\/2013\/11\/100x100\/logo-la-BOBINE-100x100.png\" width =\"100\" height =\"100\" class=\"logo-centre tableau-logo\" alt=\"Logo la Bobine\"><\/a><\/div><div class=\"case-grille\"><a rel=\"le Drak-Art\" href=\"https:\/\/www.vuesdenface.com\/web\/partenaires\/drak-art\/\"><img decoding=\"async\" src=\"https:\/\/www.vuesdenface.com\/web\/wp-content\/vignettes-vdef\/2013\/11\/125x62.5\/logo-Drak-art-125x62.5.png\" width =\"125\" height =\"62.5\" class=\"logo-centre tableau-logo\" alt=\"Logo le Drak-Art\"><\/a><\/div><div class=\"case-grille\"><a rel=\"le magazine Prends-Moi\" href=\"https:\/\/www.vuesdenface.com\/web\/partenaires\/prends-moi\/\"><img decoding=\"async\" src=\"https:\/\/www.vuesdenface.com\/web\/wp-content\/vignettes-vdef\/2013\/11\/100x100\/logo-prends-moi-100x100.png\" width =\"100\" height =\"100\" class=\"logo-centre tableau-logo\" alt=\"Logo le magazine Prends-Moi\"><\/a><\/div><div class=\"case-grille\"><a rel=\"Centre Culturel Cin\u00e9matographique (Cin\u00e9 Club de Grenoble)\" href=\"https:\/\/www.vuesdenface.com\/web\/partenaires\/centre-culturel-cinematographique-cine-club-de-grenoble\/\"><img decoding=\"async\" src=\"https:\/\/www.vuesdenface.com\/web\/wp-content\/vignettes-vdef\/2013\/12\/125x62.5\/logo-ccc-125x62.5.png\" width =\"125\" height =\"62.5\" class=\"logo-centre tableau-logo\" alt=\"Logo Centre Culturel Cin\u00e9matographique (Cin\u00e9 Club de Grenoble)\"><\/a><\/div><div class=\"case-grille\"><a rel=\"Le Festival Lesbien et Feministe Cineffable\" href=\"https:\/\/www.vuesdenface.com\/web\/partenaires\/cineffable\/\"><img decoding=\"async\" src=\"https:\/\/www.vuesdenface.com\/web\/wp-content\/vignettes-vdef\/2014\/01\/100x100\/logo-cineffable-100x100.png\" width =\"100\" height =\"100\" class=\"logo-centre tableau-logo\" alt=\"Logo Le Festival Lesbien et Feministe Cineffable\"><\/a><\/div><div class=\"case-grille\"><a rel=\"Le Festival Face \u00e0 Face de Saint-Etienne\" href=\"https:\/\/www.vuesdenface.com\/web\/partenaires\/face-a-face\/\"><img decoding=\"async\" src=\"https:\/\/www.vuesdenface.com\/web\/wp-content\/vignettes-vdef\/2014\/01\/100x100\/face_a_face-100x100.png\" width =\"100\" height =\"100\" class=\"logo-centre tableau-logo\" alt=\"Logo Le Festival Face \u00e0 Face de Saint-Etienne\"><\/a><\/div><div class=\"case-grille\"><a rel=\"Le Mill\u00e9sime - Festival oenologique et musical de Grenoble\" href=\"https:\/\/www.vuesdenface.com\/web\/partenaires\/le-millesime\/\"><img decoding=\"async\" src=\"https:\/\/www.vuesdenface.com\/web\/wp-content\/vignettes-vdef\/2014\/02\/125x62.5\/logo-millesime-2013-125x62.5.png\" width =\"125\" height =\"62.5\" class=\"logo-centre tableau-logo\" alt=\"Logo Le Mill\u00e9sime - Festival oenologique et musical de Grenoble\"><\/a><\/div><div class=\"case-grille\"><a rel=\"Le Projet 17 mai\" href=\"https:\/\/www.vuesdenface.com\/web\/partenaires\/projet-17-mai\/\"><img decoding=\"async\" src=\"https:\/\/www.vuesdenface.com\/web\/wp-content\/vignettes-vdef\/2014\/02\/100x100\/logo-projet-17-mai-100x100.jpg\" width =\"100\" height =\"100\" class=\"logo-centre tableau-logo\" alt=\"Logo Le Projet 17 mai\"><\/a><\/div><div class=\"case-grille\"><a rel=\"Les Chroniques Mauves\" href=\"https:\/\/www.vuesdenface.com\/web\/partenaires\/les-chroniques-mauves\/\"><img decoding=\"async\" src=\"https:\/\/www.vuesdenface.com\/web\/wp-content\/vignettes-vdef\/2014\/02\/125x62.5\/logo-les-chroniques-mauves-125x62.5.png\" width =\"125\" height =\"62.5\" class=\"logo-centre tableau-logo\" alt=\"Logo Les Chroniques Mauves\"><\/a><\/div>\n","protected":false},"excerpt":{"rendered":"<p>Le mariage est au c\u0153ur de l\u2019actualit\u00e9, pourquoi pas pour Vues d\u2019en Face ? Le Festival lance sa 12e \u00e9dition pour une semaine \u00e0 partir du 12 avril 2013 et jusqu\u2019au 21 avril 2013. Il f\u00eate ainsi ses noces de soie avec son public, ses partenaires et le monde du cin\u00e9ma ! Le Festival International &hellip; <a class=\"readmore\" href=\"https:\/\/www.vuesdenface.com\/web\/vuesdenface-12-le-programme-arrive\/\">Continuer la lecture &rarr;<\/a><\/p>\n","protected":false},"author":2,"featured_media":1863,"comment_status":"closed","ping_status":"open","sticky":false,"template":"","format":"standard","meta":{"footnotes":""},"categories":[242],"tags":[],"class_list":["post-4298","post","type-post","status-publish","format-standard","has-post-thumbnail","hentry","category-actus","numero_edition-edition-12"],"_links":{"self":[{"href":"https:\/\/www.vuesdenface.com\/web\/wp-json\/wp\/v2\/posts\/4298","targetHints":{"allow":["GET"]}}],"collection":[{"href":"https:\/\/www.vuesdenface.com\/web\/wp-json\/wp\/v2\/posts"}],"about":[{"href":"https:\/\/www.vuesdenface.com\/web\/wp-json\/wp\/v2\/types\/post"}],"author":[{"embeddable":true,"href":"https:\/\/www.vuesdenface.com\/web\/wp-json\/wp\/v2\/users\/2"}],"replies":[{"embeddable":true,"href":"https:\/\/www.vuesdenface.com\/web\/wp-json\/wp\/v2\/comments?post=4298"}],"version-history":[{"count":11,"href":"https:\/\/www.vuesdenface.com\/web\/wp-json\/wp\/v2\/posts\/4298\/revisions"}],"predecessor-version":[{"id":4771,"href":"https:\/\/www.vuesdenface.com\/web\/wp-json\/wp\/v2\/posts\/4298\/revisions\/4771"}],"wp:featuredmedia":[{"embeddable":true,"href":"https:\/\/www.vuesdenface.com\/web\/wp-json\/wp\/v2\/media\/1863"}],"wp:attachment":[{"href":"https:\/\/www.vuesdenface.com\/web\/wp-json\/wp\/v2\/media?parent=4298"}],"wp:term":[{"taxonomy":"category","embeddable":true,"href":"https:\/\/www.vuesdenface.com\/web\/wp-json\/wp\/v2\/categories?post=4298"},{"taxonomy":"post_tag","embeddable":true,"href":"https:\/\/www.vuesdenface.com\/web\/wp-json\/wp\/v2\/tags?post=4298"}],"curies":[{"name":"wp","href":"https:\/\/api.w.org\/{rel}","templated":true}]}}