{"id":4835,"date":"2011-11-15T21:32:52","date_gmt":"2011-11-15T20:32:52","guid":{"rendered":"http:\/\/www.vuesdenface.com\/web\/?p=4835"},"modified":"2014-03-07T21:37:49","modified_gmt":"2014-03-07T20:37:49","slug":"italy-love-it-or-leave-it","status":"publish","type":"post","link":"https:\/\/www.vuesdenface.com\/web\/italy-love-it-or-leave-it\/","title":{"rendered":"Vues d\u2019en face en escapade italienne ! samedi 26 novembre 2011"},"content":{"rendered":"<p>Souvenez-vous, en 2009, nous recevions avec un plaisir non dissimul\u00e9 <strong>Gustav Hofer<\/strong> et <strong>Luca Ragazzi<\/strong>, r\u00e9alisateurs de ce documentaire innovant et militant \u00ab <strong>Homophobie \u00e0 l\u2019italienne\u00a0<\/strong>\u00bb. Inquiets, atterr\u00e9s et parfois m\u00eame amus\u00e9s, ils \u00e9taient descendus dans la rue \u00ab prendre la temp\u00e9rature \u00bb lors de la proposition de loi d\u2019union civile, le DICO (\u00e9quivalent du PACS fran\u00e7ais).<\/p>\n<p>Quelques ann\u00e9es plus tard, notre couple de r\u00e9alisateurs r\u00e9cidive et continue d\u2019utiliser la cam\u00e9ra et le micro comme des armes. Avec \u00ab <strong>Italy : love it or leave it <\/strong>\u00bb, ils nous entra\u00eenent sur les routes italiennes \u00e0 bord d\u2019une Fiat 500 \u00e0 la recherche de raisons de rester dans ce pays qui n\u2019offre plus aucun avenir.<\/p>\n<p><strong>Vues d\u2019en Face et Dolce Cin\u00e9ma<\/strong> s\u2019associent dans le cadre des 6\u00e8mes Rencontres du Cin\u00e9ma Italien pour vous proposer une s\u00e9ance unique de ce documentaire, in\u00e9dit en France, <strong>le samedi 26 Novembre 2011 \u00e0 16h30 au cin\u00e9ma Le Club<\/strong>. Et en pr\u00e9sence de Luca Ragazzi et Gustav Hofer !<\/p>\n\n<!-- template partenaire-simple--><div id=\"rubrique\" class=\"trailer\"><i class=\"fa fa-star-o\"><\/i>&nbsp;Partenaire<br><hr><\/div><\/br><p><table><tr><td  class=\"fiche-partenaire\"><div class=\"logo-centre-div\" width=\"100px\" height=\"100px\"><figure><a href=\"https:\/\/www.vuesdenface.com\/web\/partenaires\/le-club\/\"><img loading=\"lazy\" decoding=\"async\" src=\"https:\/\/www.vuesdenface.com\/web\/wp-content\/vignettes-vdef\/2014\/01\/100x100\/le-club-noir-100x100.png\" width=\"100\" height=\"100\" class=\"logo-centre\" alt=\"Le Club\" title=\"Le Club\" rel=\"\"><\/a><figcaption><a href=\"https:\/\/www.vuesdenface.com\/web\/partenaires\/le-club\/\"><\/a><\/figcaption><\/figure><\/div><\/td><td class=\"fiche-partenaire\"><b>Le Club<\/b><br\/><i class=\"fa fa-envelope-o\"><\/i>&nbsp;&nbsp;9 bis rue du Phalanst\u00e8re - Grenoble<br\/><i class=\"fa fa-phone\"><\/i>&nbsp;&nbsp;T\u00e9l\u00e9phone : 04 76 87 46 21<br\/><i class=\"fa fa-external-link\"><\/i>&nbsp;&nbsp;<em>Site Internet : <a href=\"http:\/\/www.cinemaleclub.com\">www.cinemaleclub.com<\/a><\/em><br\/><i class=\"fa fa-bus\"><\/i>&nbsp;&nbsp;Ligne A ou ligne B du tram, arr\u00eat Place Victor Hugo<\/td><\/tr><\/table><\/p>\n<p>Informations et programmes des Rencontres du Cin\u00e9ma Italien sur www.dolcecinema.com<\/p>\n<p><strong>Italy : love it or leave it <\/strong><br \/>\nUn documentaire G. Hofer et L. Ragazzi<br \/>\n<em>(Italie, 2011, 75\u2019) <\/em><br \/>\n<strong>samedi 26 Novembre 2011 \u00e0 16h30<\/strong><\/p>\n<p>Luca et Gustav ont v\u00e9cu, au cours des derni\u00e8res ann\u00e9es, le d\u00e9part de nombre de leurs amis : d\u00e9go\u00fbt\u00e9s des mauvaises perspectives professionnelles et des politiciens peu cr\u00e9dibles, ils sont partis pour Berlin, Londres ou Barcelone. A la recherche d\u2019arguments les poussant \u00e0 rester en Italie, les deux jeunes hommes ont d\u00e9cid\u00e9 de d\u00e9couvrir leur pays \u00e0 bord d\u2019une vieille Cinquecento. Pendant six mois, ils ont pris le temps de r\u00e9pondre d\u00e9finitivement \u00e0 cette question : Love it or Leave it ?<\/p>\n","protected":false},"excerpt":{"rendered":"<p>Souvenez-vous, en 2009, nous recevions avec un plaisir non dissimul\u00e9 Gustav Hofer et Luca Ragazzi, r\u00e9alisateurs de ce documentaire innovant et militant \u00ab Homophobie \u00e0 l\u2019italienne\u00a0\u00bb. Inquiets, atterr\u00e9s et parfois m\u00eame amus\u00e9s, ils \u00e9taient descendus dans la rue \u00ab prendre la temp\u00e9rature \u00bb lors de la proposition de loi d\u2019union civile, le DICO (\u00e9quivalent du &hellip; <a class=\"readmore\" href=\"https:\/\/www.vuesdenface.com\/web\/italy-love-it-or-leave-it\/\">Continuer la lecture &rarr;<\/a><\/p>\n","protected":false},"author":1,"featured_media":4836,"comment_status":"closed","ping_status":"open","sticky":false,"template":"","format":"standard","meta":{"footnotes":""},"categories":[242],"tags":[],"class_list":["post-4835","post","type-post","status-publish","format-standard","has-post-thumbnail","hentry","category-actus"],"_links":{"self":[{"href":"https:\/\/www.vuesdenface.com\/web\/wp-json\/wp\/v2\/posts\/4835","targetHints":{"allow":["GET"]}}],"collection":[{"href":"https:\/\/www.vuesdenface.com\/web\/wp-json\/wp\/v2\/posts"}],"about":[{"href":"https:\/\/www.vuesdenface.com\/web\/wp-json\/wp\/v2\/types\/post"}],"author":[{"embeddable":true,"href":"https:\/\/www.vuesdenface.com\/web\/wp-json\/wp\/v2\/users\/1"}],"replies":[{"embeddable":true,"href":"https:\/\/www.vuesdenface.com\/web\/wp-json\/wp\/v2\/comments?post=4835"}],"version-history":[{"count":3,"href":"https:\/\/www.vuesdenface.com\/web\/wp-json\/wp\/v2\/posts\/4835\/revisions"}],"predecessor-version":[{"id":4838,"href":"https:\/\/www.vuesdenface.com\/web\/wp-json\/wp\/v2\/posts\/4835\/revisions\/4838"}],"wp:featuredmedia":[{"embeddable":true,"href":"https:\/\/www.vuesdenface.com\/web\/wp-json\/wp\/v2\/media\/4836"}],"wp:attachment":[{"href":"https:\/\/www.vuesdenface.com\/web\/wp-json\/wp\/v2\/media?parent=4835"}],"wp:term":[{"taxonomy":"category","embeddable":true,"href":"https:\/\/www.vuesdenface.com\/web\/wp-json\/wp\/v2\/categories?post=4835"},{"taxonomy":"post_tag","embeddable":true,"href":"https:\/\/www.vuesdenface.com\/web\/wp-json\/wp\/v2\/tags?post=4835"}],"curies":[{"name":"wp","href":"https:\/\/api.w.org\/{rel}","templated":true}]}}