{"id":6055,"date":"2014-04-12T14:15:13","date_gmt":"2014-04-12T13:15:13","guid":{"rendered":"http:\/\/www.vuesdenface.com\/web\/?p=6055"},"modified":"2014-04-12T14:30:27","modified_gmt":"2014-04-12T13:30:27","slug":"opening-night","status":"publish","type":"post","link":"https:\/\/www.vuesdenface.com\/web\/opening-night\/","title":{"rendered":"Opening Night &#8211; Vues d&rsquo;en face"},"content":{"rendered":"<p>Vous \u00eates venus nombreuses et nombreux \u00e0 la s\u00e9ance d&rsquo;ouverture du festival pour la projection du film <a title=\"TEST\" href=\"http:\/\/www.vuesdenface.com\/web\/film\/test-2\/\">TEST<\/a>.<br \/>\nLa salle \u00e9tait archi-comble, pensez a r\u00e9server pour les prochaines s\u00e9ances !<\/p>\n<p>Voici quelques photos de la soir\u00e9e :<\/p>\n<div class=\"su-custom-gallery su-custom-gallery-align-left su-custom-gallery-title-hover\"><div class=\"su-custom-gallery-slide\" style=\"width:200px;height:200px\"><a href=\"https:\/\/www.vuesdenface.com\/web\/wp-content\/uploads\/2014\/04\/2014-04-11-VDEF-Opening-night-01.jpeg\" title=\"Pr\u00e9paratifs pour la Soir\u00e9e d&rsquo;ouverture\"><img loading=\"lazy\" decoding=\"async\" src=\"https:\/\/www.vuesdenface.com\/web\/wp-content\/uploads\/2014\/04\/2014-04-11-VDEF-Opening-night-01-200x200.jpeg\" alt=\"Pr\u00e9paratifs pour la Soir\u00e9e d&rsquo;ouverture\" width=\"200\" height=\"200\" \/><span class=\"su-custom-gallery-title\">Pr\u00e9paratifs pour la Soir\u00e9e d&rsquo;ouverture<\/span><\/a><\/div><div class=\"su-custom-gallery-slide\" style=\"width:200px;height:200px\"><a href=\"https:\/\/www.vuesdenface.com\/web\/wp-content\/uploads\/2014\/04\/2014-04-11-VDEF-Opening-night-03.jpeg\" title=\"Une partie de l&rsquo;\u00e9quipe\"><img loading=\"lazy\" decoding=\"async\" src=\"https:\/\/www.vuesdenface.com\/web\/wp-content\/uploads\/2014\/04\/2014-04-11-VDEF-Opening-night-03-200x200.jpeg\" alt=\"Une partie de l&rsquo;\u00e9quipe\" width=\"200\" height=\"200\" \/><span class=\"su-custom-gallery-title\">Une partie de l&rsquo;\u00e9quipe<\/span><\/a><\/div><div class=\"su-custom-gallery-slide\" style=\"width:200px;height:200px\"><a href=\"https:\/\/www.vuesdenface.com\/web\/wp-content\/uploads\/2014\/04\/2014-04-11-VDEF-Opening-night-02.jpeg\" title=\"La billeterie est pr\u00eate a accueillir les festivali\u00e8res et les festivaliers\"><img loading=\"lazy\" decoding=\"async\" src=\"https:\/\/www.vuesdenface.com\/web\/wp-content\/uploads\/2014\/04\/2014-04-11-VDEF-Opening-night-02-200x200.jpeg\" alt=\"La billeterie est pr\u00eate a accueillir les festivali\u00e8res et les festivaliers\" width=\"200\" height=\"200\" \/><span class=\"su-custom-gallery-title\">La billeterie est pr\u00eate a accueillir les festivali\u00e8res et les festivaliers<\/span><\/a><\/div><div class=\"su-custom-gallery-slide\" style=\"width:200px;height:200px\"><a href=\"https:\/\/www.vuesdenface.com\/web\/wp-content\/uploads\/2014\/04\/2014-04-11-VDEF-Opening-night-04.jpeg\" title=\"Le monde commence \u00e0 affluer\"><img loading=\"lazy\" decoding=\"async\" src=\"https:\/\/www.vuesdenface.com\/web\/wp-content\/uploads\/2014\/04\/2014-04-11-VDEF-Opening-night-04-200x200.jpeg\" alt=\"Le monde commence \u00e0 affluer\" width=\"200\" height=\"200\" \/><span class=\"su-custom-gallery-title\">Le monde commence \u00e0 affluer<\/span><\/a><\/div><div class=\"su-custom-gallery-slide\" style=\"width:200px;height:200px\"><a href=\"https:\/\/www.vuesdenface.com\/web\/wp-content\/uploads\/2014\/04\/2014-04-11-VDEF-Opening-night-06.jpeg\" title=\"File d&rsquo;attente \u00e0 l&rsquo;entr\u00e9e de la salle 1 du Club\"><img loading=\"lazy\" decoding=\"async\" src=\"https:\/\/www.vuesdenface.com\/web\/wp-content\/uploads\/2014\/04\/2014-04-11-VDEF-Opening-night-06-200x200.jpeg\" alt=\"File d&rsquo;attente \u00e0 l&rsquo;entr\u00e9e de la salle 1 du Club\" width=\"200\" height=\"200\" \/><span class=\"su-custom-gallery-title\">File d&rsquo;attente \u00e0 l&rsquo;entr\u00e9e de la salle 1 du Club<\/span><\/a><\/div><div class=\"su-custom-gallery-slide\" style=\"width:200px;height:200px\"><a href=\"https:\/\/www.vuesdenface.com\/web\/wp-content\/uploads\/2014\/04\/2014-04-11-VDEF-Opening-night-05.jpeg\" title=\"Salle 6 comble !\"><img loading=\"lazy\" decoding=\"async\" src=\"https:\/\/www.vuesdenface.com\/web\/wp-content\/uploads\/2014\/04\/2014-04-11-VDEF-Opening-night-05-200x200.jpeg\" alt=\"Salle 6 comble !\" width=\"200\" height=\"200\" \/><span class=\"su-custom-gallery-title\">Salle 6 comble !<\/span><\/a><\/div><div class=\"su-custom-gallery-slide\" style=\"width:200px;height:200px\"><a href=\"https:\/\/www.vuesdenface.com\/web\/wp-content\/uploads\/2014\/04\/2014-04-11-VDEF-Opening-night-07.jpeg\" title=\"Patrick Ot\u00e9ga et Philippe Vic ouvrent la s\u00e9ance\"><img loading=\"lazy\" decoding=\"async\" src=\"https:\/\/www.vuesdenface.com\/web\/wp-content\/uploads\/2014\/04\/2014-04-11-VDEF-Opening-night-07-200x200.jpeg\" alt=\"Patrick Ot\u00e9ga et Philippe Vic ouvrent la s\u00e9ance\" width=\"200\" height=\"200\" \/><span class=\"su-custom-gallery-title\">Patrick Ot\u00e9ga et Philippe Vic ouvrent la s\u00e9ance<\/span><\/a><\/div><div class=\"su-custom-gallery-slide\" style=\"width:200px;height:200px\"><a href=\"https:\/\/www.vuesdenface.com\/web\/wp-content\/uploads\/2014\/04\/2014-04-11-VDEF-Opening-night-11.jpeg\" title=\"Salle comble, sold out\"><img loading=\"lazy\" decoding=\"async\" src=\"https:\/\/www.vuesdenface.com\/web\/wp-content\/uploads\/2014\/04\/2014-04-11-VDEF-Opening-night-11-200x200.jpeg\" alt=\"Salle comble, sold out\" width=\"200\" height=\"200\" \/><span class=\"su-custom-gallery-title\">Salle comble, sold out<\/span><\/a><\/div><div class=\"su-custom-gallery-slide\" style=\"width:200px;height:200px\"><a href=\"https:\/\/www.vuesdenface.com\/web\/wp-content\/uploads\/2014\/04\/2014-04-11-VDEF-Opening-night-10.jpeg\" title=\"Prise de parole de la repr\u00e9sentante de Sida Info Service\"><img loading=\"lazy\" decoding=\"async\" src=\"https:\/\/www.vuesdenface.com\/web\/wp-content\/uploads\/2014\/04\/2014-04-11-VDEF-Opening-night-10-200x200.jpeg\" alt=\"Prise de parole de la repr\u00e9sentante de Sida Info Service\" width=\"200\" height=\"200\" \/><span class=\"su-custom-gallery-title\">Prise de parole de la repr\u00e9sentante de Sida Info Service<\/span><\/a><\/div><div class=\"su-custom-gallery-slide\" style=\"width:200px;height:200px\"><a href=\"https:\/\/www.vuesdenface.com\/web\/wp-content\/uploads\/2014\/04\/2014-04-11-VDEF-Opening-night-09.jpeg\" title=\"Prise de parole d&rsquo;Eric Piole (maire de Grenoble), Sarah Boukaala (R\u00e9gion et Conseill\u00e8re Municipale)\"><img loading=\"lazy\" decoding=\"async\" src=\"https:\/\/www.vuesdenface.com\/web\/wp-content\/uploads\/2014\/04\/2014-04-11-VDEF-Opening-night-09-200x200.jpeg\" alt=\"Prise de parole d&rsquo;Eric Piole (maire de Grenoble), Sarah Boukaala (R\u00e9gion et Conseill\u00e8re Municipale)\" width=\"200\" height=\"200\" \/><span class=\"su-custom-gallery-title\">Prise de parole d&rsquo;Eric Piole (maire de Grenoble), Sarah Boukaala (R\u00e9gion et Conseill\u00e8re Municipale)<\/span><\/a><\/div><div class=\"su-custom-gallery-slide\" style=\"width:200px;height:200px\"><a href=\"https:\/\/www.vuesdenface.com\/web\/wp-content\/uploads\/2014\/04\/2014-04-11-VDEF-Opening-night-08.jpeg\" title=\"Prise de parole d&rsquo;Emmanuel Carroz, adjoint \u00e0 lutte contre les discriminations\"><img loading=\"lazy\" decoding=\"async\" src=\"https:\/\/www.vuesdenface.com\/web\/wp-content\/uploads\/2014\/04\/2014-04-11-VDEF-Opening-night-08-200x200.jpeg\" alt=\"Prise de parole d&rsquo;Emmanuel Carroz, adjoint \u00e0 lutte contre les discriminations\" width=\"200\" height=\"200\" \/><span class=\"su-custom-gallery-title\">Prise de parole d&rsquo;Emmanuel Carroz, adjoint \u00e0 lutte contre les discriminations<\/span><\/a><\/div><div class=\"su-custom-gallery-slide\" style=\"width:200px;height:200px\"><a href=\"https:\/\/www.vuesdenface.com\/web\/wp-content\/uploads\/2014\/04\/2014-04-11-VDEF-Opening-night-12.jpeg\" title=\"Une partie de l&rsquo;\u00e9quipe du festival\"><img loading=\"lazy\" decoding=\"async\" src=\"https:\/\/www.vuesdenface.com\/web\/wp-content\/uploads\/2014\/04\/2014-04-11-VDEF-Opening-night-12-200x200.jpeg\" alt=\"Une partie de l&rsquo;\u00e9quipe du festival\" width=\"200\" height=\"200\" \/><span class=\"su-custom-gallery-title\">Une partie de l&rsquo;\u00e9quipe du festival<\/span><\/a><\/div><div class=\"su-custom-gallery-slide\" style=\"width:200px;height:200px\"><a href=\"https:\/\/www.vuesdenface.com\/web\/wp-content\/uploads\/2014\/04\/2014-04-11-VDEF-Opening-night-13.jpeg\" title=\"Sortie de la S\u00e9ance TEST\"><img loading=\"lazy\" decoding=\"async\" src=\"https:\/\/www.vuesdenface.com\/web\/wp-content\/uploads\/2014\/04\/2014-04-11-VDEF-Opening-night-13-200x200.jpeg\" alt=\"Sortie de la S\u00e9ance TEST\" width=\"200\" height=\"200\" \/><span class=\"su-custom-gallery-title\">Sortie de la S\u00e9ance TEST<\/span><\/a><\/div><div class=\"su-custom-gallery-slide\" style=\"width:200px;height:200px\"><a href=\"https:\/\/www.vuesdenface.com\/web\/wp-content\/uploads\/2014\/04\/2014-04-11-VDEF-Opening-night-15.jpeg\" title=\"Eric Piolle\"><img loading=\"lazy\" decoding=\"async\" src=\"https:\/\/www.vuesdenface.com\/web\/wp-content\/uploads\/2014\/04\/2014-04-11-VDEF-Opening-night-15-200x200.jpeg\" alt=\"Eric Piolle\" width=\"200\" height=\"200\" \/><span class=\"su-custom-gallery-title\">Eric Piolle<\/span><\/a><\/div><div class=\"su-custom-gallery-slide\" style=\"width:200px;height:200px\"><a href=\"https:\/\/www.vuesdenface.com\/web\/wp-content\/uploads\/2014\/04\/2014-04-11-VDEF-Opening-night-14.jpeg\" title=\"Vues d&rsquo;en face Opening Night\"><img loading=\"lazy\" decoding=\"async\" src=\"https:\/\/www.vuesdenface.com\/web\/wp-content\/uploads\/2014\/04\/2014-04-11-VDEF-Opening-night-14-200x200.jpeg\" alt=\"Vues d&rsquo;en face Opening Night\" width=\"200\" height=\"200\" \/><span class=\"su-custom-gallery-title\">Vues d&rsquo;en face Opening Night<\/span><\/a><\/div><div class=\"su-custom-gallery-slide\" style=\"width:200px;height:200px\"><a href=\"https:\/\/www.vuesdenface.com\/web\/wp-content\/uploads\/2014\/04\/2014-04-11-VDEF-Opening-night-16.jpeg\" title=\"Pot d&rsquo;ouverture au \u00ab\u00a0Copains d&rsquo;abord\u00a0\u00bb\"><img loading=\"lazy\" decoding=\"async\" src=\"https:\/\/www.vuesdenface.com\/web\/wp-content\/uploads\/2014\/04\/2014-04-11-VDEF-Opening-night-16-200x200.jpeg\" alt=\"Pot d&rsquo;ouverture au \u00ab\u00a0Copains d&rsquo;abord\u00a0\u00bb\" width=\"200\" height=\"200\" \/><span class=\"su-custom-gallery-title\">Pot d&rsquo;ouverture au \u00ab\u00a0Copains d&rsquo;abord\u00a0\u00bb<\/span><\/a><\/div><div class=\"su-clear\"><\/div><\/div>\n<p>&nbsp;<\/p>\n<p>&nbsp;<\/p>\n","protected":false},"excerpt":{"rendered":"<p>Vous \u00eates venus nombreuses et nombreux \u00e0 la s\u00e9ance d&rsquo;ouverture du festival pour la projection du film TEST. La salle \u00e9tait archi-comble, pensez a r\u00e9server pour les prochaines s\u00e9ances ! Voici quelques photos de la soir\u00e9e : &nbsp; &nbsp;<\/p>\n","protected":false},"author":1,"featured_media":6066,"comment_status":"closed","ping_status":"closed","sticky":false,"template":"","format":"standard","meta":{"footnotes":""},"categories":[242],"tags":[],"class_list":["post-6055","post","type-post","status-publish","format-standard","has-post-thumbnail","hentry","category-actus"],"_links":{"self":[{"href":"https:\/\/www.vuesdenface.com\/web\/wp-json\/wp\/v2\/posts\/6055","targetHints":{"allow":["GET"]}}],"collection":[{"href":"https:\/\/www.vuesdenface.com\/web\/wp-json\/wp\/v2\/posts"}],"about":[{"href":"https:\/\/www.vuesdenface.com\/web\/wp-json\/wp\/v2\/types\/post"}],"author":[{"embeddable":true,"href":"https:\/\/www.vuesdenface.com\/web\/wp-json\/wp\/v2\/users\/1"}],"replies":[{"embeddable":true,"href":"https:\/\/www.vuesdenface.com\/web\/wp-json\/wp\/v2\/comments?post=6055"}],"version-history":[{"count":6,"href":"https:\/\/www.vuesdenface.com\/web\/wp-json\/wp\/v2\/posts\/6055\/revisions"}],"predecessor-version":[{"id":6074,"href":"https:\/\/www.vuesdenface.com\/web\/wp-json\/wp\/v2\/posts\/6055\/revisions\/6074"}],"wp:featuredmedia":[{"embeddable":true,"href":"https:\/\/www.vuesdenface.com\/web\/wp-json\/wp\/v2\/media\/6066"}],"wp:attachment":[{"href":"https:\/\/www.vuesdenface.com\/web\/wp-json\/wp\/v2\/media?parent=6055"}],"wp:term":[{"taxonomy":"category","embeddable":true,"href":"https:\/\/www.vuesdenface.com\/web\/wp-json\/wp\/v2\/categories?post=6055"},{"taxonomy":"post_tag","embeddable":true,"href":"https:\/\/www.vuesdenface.com\/web\/wp-json\/wp\/v2\/tags?post=6055"}],"curies":[{"name":"wp","href":"https:\/\/api.w.org\/{rel}","templated":true}]}}