{"id":8809,"date":"2016-01-21T07:23:21","date_gmt":"2016-01-21T06:23:21","guid":{"rendered":"http:\/\/www.vuesdenface.com\/web\/?p=8809"},"modified":"2016-01-21T07:23:21","modified_gmt":"2016-01-21T06:23:21","slug":"laffiche-2016-se-devoile","status":"publish","type":"post","link":"https:\/\/www.vuesdenface.com\/web\/laffiche-2016-se-devoile\/","title":{"rendered":"L&rsquo;affiche 2016 se d\u00e9voile"},"content":{"rendered":"<p>Cette ann\u00e9e, nous avons de nouveau eu le plaisir de collaborer avec les \u00e9tudiants de SUPCREA Grenoble.<br \/>\nDepuis le mois de septembre, ils ont planch\u00e9 sur la r\u00e9alisation du visuel du prochain Festival International du Film Gay et Lesbien de Grenoble.<\/p>\n<p>Pour la prochaine \u00e9dition qui se d\u00e9roulera du 1er au 10 avril 2016 , ils sont 7 \u00e0 avoir propos\u00e9 leur cr\u00e9ation graphique et photographique.<br \/>\nUne affiche a \u00e9t\u00e9\u00a0 choisie par l\u2019\u00e9quipe de Vue d\u2019en Face, nous sommes heureux de vous pr\u00e9senter l&rsquo;affiche retenue.<br \/>\nMerci \u00e0 Claire Crisci qui a r\u00e9alis\u00e9 cette affiche.<\/p>\n<div id=\"attachment_8811\" style=\"width: 652px\" class=\"wp-caption aligncenter\"><a href=\"http:\/\/www.vuesdenface.com\/web\/wp-content\/uploads\/2016\/01\/Visuel-VDEF-2016.png\" rel=\"attachment wp-att-8811\"><img loading=\"lazy\" decoding=\"async\" aria-describedby=\"caption-attachment-8811\" class=\"size-large wp-image-8811\" src=\"http:\/\/www.vuesdenface.com\/web\/wp-content\/uploads\/2016\/01\/Visuel-VDEF-2016-731x1024.png\" alt=\"Visuel Vues d'en face 2016\" width=\"642\" height=\"899\" srcset=\"https:\/\/www.vuesdenface.com\/web\/wp-content\/uploads\/2016\/01\/Visuel-VDEF-2016-731x1024.png 731w, https:\/\/www.vuesdenface.com\/web\/wp-content\/uploads\/2016\/01\/Visuel-VDEF-2016-225x315.png 225w, https:\/\/www.vuesdenface.com\/web\/wp-content\/uploads\/2016\/01\/Visuel-VDEF-2016-214x300.png 214w, https:\/\/www.vuesdenface.com\/web\/wp-content\/uploads\/2016\/01\/Visuel-VDEF-2016-150x210.png 150w\" sizes=\"auto, (max-width: 642px) 100vw, 642px\" \/><\/a><p id=\"caption-attachment-8811\" class=\"wp-caption-text\">Visuel Vues d&rsquo;en face 2016<\/p><\/div>\n<p>Merci donc aux enseignants et aux \u00e9l\u00e8ves de la promotion Design Graphique deuxi\u00e8me ann\u00e9e pour leur contribution artistique et pour leur investissement.<\/p>\n<div id=\"attachment_8687\" style=\"width: 652px\" class=\"wp-caption aligncenter\"><a href=\"http:\/\/www.vuesdenface.com\/web\/wp-content\/uploads\/2015\/11\/Eleves-SupCr\u00e9a_VDF2016.jpg\" rel=\"attachment wp-att-8687\"><img loading=\"lazy\" decoding=\"async\" aria-describedby=\"caption-attachment-8687\" class=\"size-large wp-image-8687\" src=\"http:\/\/www.vuesdenface.com\/web\/wp-content\/uploads\/2015\/11\/Eleves-SupCr\u00e9a_VDF2016-1024x725.jpg\" alt=\"Promotion Supcr\u00e9a DG2\" width=\"642\" height=\"455\" srcset=\"https:\/\/www.vuesdenface.com\/web\/wp-content\/uploads\/2015\/11\/Eleves-SupCr\u00e9a_VDF2016-1024x725.jpg 1024w, https:\/\/www.vuesdenface.com\/web\/wp-content\/uploads\/2015\/11\/Eleves-SupCr\u00e9a_VDF2016-445x315.jpg 445w, https:\/\/www.vuesdenface.com\/web\/wp-content\/uploads\/2015\/11\/Eleves-SupCr\u00e9a_VDF2016-300x212.jpg 300w, https:\/\/www.vuesdenface.com\/web\/wp-content\/uploads\/2015\/11\/Eleves-SupCr\u00e9a_VDF2016-210x149.jpg 210w\" sizes=\"auto, (max-width: 642px) 100vw, 642px\" \/><\/a><p id=\"caption-attachment-8687\" class=\"wp-caption-text\">Promotion Supcr\u00e9a DG2<\/p><\/div>\n<p>&nbsp;<\/p>\n\n","protected":false},"excerpt":{"rendered":"<p>Cette ann\u00e9e, nous avons de nouveau eu le plaisir de collaborer avec les \u00e9tudiants de SUPCREA Grenoble. Depuis le mois de septembre, ils ont planch\u00e9 sur la r\u00e9alisation du visuel du prochain Festival International du Film Gay et Lesbien de Grenoble. Pour la prochaine \u00e9dition qui se d\u00e9roulera du 1er au 10 avril 2016 , &hellip; <a class=\"readmore\" href=\"https:\/\/www.vuesdenface.com\/web\/laffiche-2016-se-devoile\/\">Continuer la lecture &rarr;<\/a><\/p>\n","protected":false},"author":1,"featured_media":8687,"comment_status":"closed","ping_status":"closed","sticky":false,"template":"","format":"standard","meta":{"footnotes":""},"categories":[242],"tags":[371,443],"class_list":["post-8809","post","type-post","status-publish","format-standard","has-post-thumbnail","hentry","category-actus","tag-supcrea","tag-visuel","numero_edition-edition-16"],"_links":{"self":[{"href":"https:\/\/www.vuesdenface.com\/web\/wp-json\/wp\/v2\/posts\/8809","targetHints":{"allow":["GET"]}}],"collection":[{"href":"https:\/\/www.vuesdenface.com\/web\/wp-json\/wp\/v2\/posts"}],"about":[{"href":"https:\/\/www.vuesdenface.com\/web\/wp-json\/wp\/v2\/types\/post"}],"author":[{"embeddable":true,"href":"https:\/\/www.vuesdenface.com\/web\/wp-json\/wp\/v2\/users\/1"}],"replies":[{"embeddable":true,"href":"https:\/\/www.vuesdenface.com\/web\/wp-json\/wp\/v2\/comments?post=8809"}],"version-history":[{"count":9,"href":"https:\/\/www.vuesdenface.com\/web\/wp-json\/wp\/v2\/posts\/8809\/revisions"}],"predecessor-version":[{"id":8819,"href":"https:\/\/www.vuesdenface.com\/web\/wp-json\/wp\/v2\/posts\/8809\/revisions\/8819"}],"wp:featuredmedia":[{"embeddable":true,"href":"https:\/\/www.vuesdenface.com\/web\/wp-json\/wp\/v2\/media\/8687"}],"wp:attachment":[{"href":"https:\/\/www.vuesdenface.com\/web\/wp-json\/wp\/v2\/media?parent=8809"}],"wp:term":[{"taxonomy":"category","embeddable":true,"href":"https:\/\/www.vuesdenface.com\/web\/wp-json\/wp\/v2\/categories?post=8809"},{"taxonomy":"post_tag","embeddable":true,"href":"https:\/\/www.vuesdenface.com\/web\/wp-json\/wp\/v2\/tags?post=8809"}],"curies":[{"name":"wp","href":"https:\/\/api.w.org\/{rel}","templated":true}]}}