{"id":9550,"date":"2016-04-01T10:27:09","date_gmt":"2016-04-01T09:27:09","guid":{"rendered":"http:\/\/www.vuesdenface.com\/web\/?p=9550"},"modified":"2016-04-02T09:17:19","modified_gmt":"2016-04-02T08:17:19","slug":"a-y-est-vues-den-face-commence-ce-soir-et-ce-nest-pas-un-poisson","status":"publish","type":"post","link":"https:\/\/www.vuesdenface.com\/web\/a-y-est-vues-den-face-commence-ce-soir-et-ce-nest-pas-un-poisson\/","title":{"rendered":"A y est ! Vues d&rsquo;en Face commence ce soir&#8230; et ce n&rsquo;est pas un poisson !"},"content":{"rendered":"<h2>Ce soir 1er avril, c&rsquo;est l&rsquo;ouverture du festival.<\/h2>\n<p>On vous attend avant 20h au Cin\u00e9ma Le Club pour la premi\u00e8re projection du film\u00a0<em>Nasty Baby.<\/em><\/p>\n\n<!-- template extrait_fiche_post --><div id=\"rubrique\" class=\"trailer\"><i class=\"fa fa-film\"><\/i>&nbsp;Fiche film<br><hr><\/div><table class=\"extrait-film\"><tr><td width=\"100\"><div class=\"vignette-affiche-extrait\" width=\"100px\" height=\"150px\"><figure><a href=\"https:\/\/www.vuesdenface.com\/web\/film\/nasty-baby\/\"><img loading=\"lazy\" decoding=\"async\" src=\"https:\/\/www.vuesdenface.com\/web\/wp-content\/vignettes-vdef\/2016\/02\/100x150\/Nasty-Baby-poster-01-100x150.jpg\" width=\"100\" height=\"150\" class=\"vignette-affiche-extrait\" alt=\"Nasty Baby\" title=\"Nasty Baby\" rel=\"\"><\/a><figcaption><a href=\"https:\/\/www.vuesdenface.com\/web\/film\/nasty-baby\/\"><\/a><\/figcaption><\/figure><\/div><\/td><td><article class=\"post-extrait\"><header class=\"extrait-header\"><span class=\"titre-film-h1\"><a rel=\"bookmark\" href=\"https:\/\/www.vuesdenface.com\/web\/film\/nasty-baby\/\">Nasty Baby<\/a><\/span><\/header><i>Thriller&nbsp;&bull;&nbsp;\u00c9tats-Unis et Chili&nbsp;&bull;&nbsp;2014&nbsp;&bull;&nbsp;100 minutes&nbsp;&bull;&nbsp;VOSTF<\/i><br\/><span> Freddy, artiste contemporain \u00e9panoui, vit heureux avec Mo dans son bel appartement de Brooklyn. Pour parfaire son bonheur, il ne lui manque qu&rsquo;un b\u00e9b\u00e9. Or justement \u00e7a tombe bien : leur amie Polly est d&rsquo;accord, elle veut bien les \u00ab aider \u00bb. Mais petit \u00e0 petit la tension s&rsquo;installe ...<\/span><a class=\"readmore\" href=\"https:\/\/www.vuesdenface.com\/web\/film\/nasty-baby\/\">    Continuer la lecture \u2192<\/a><\/td><\/tr><\/table>\n<p>Suivra vers 22h15-22h30 le vernissage de l&rsquo;exposition <em><a href=\"http:\/\/www.vuesdenface.com\/web\/fiche-event\/exposition-projections-de-peintures\">Projection de peintures<\/a> <\/em>de Lo\u00efc Le Phoque Fringant \u00e0 l&rsquo;Atelier du 8, venez donc prendre un verre pour le pot d&rsquo;ouverture de VUES d&rsquo;en FACE 2016.<\/p>\n\n<!-- template extrait_event_post --><div id=\"rubrique\" class=\"trailer\"><i class=\"fa fa-film\"><\/i>&nbsp;Fiche \u00c9v\u00e8nement<br><hr><\/div><table class=\"extrait-film\"><tr><td width=\"100\"><div class=\"vignette-affiche-extrait\" width=\"100px\" height=\"150px\"><figure><a href=\"https:\/\/www.vuesdenface.com\/web\/fiche-event\/exposition-projections-de-peintures\/\"><img loading=\"lazy\" decoding=\"async\" src=\"https:\/\/www.vuesdenface.com\/web\/wp-content\/vignettes-vdef\/2016\/03\/100x150\/Tribute-to-Gustav-100x150.jpg\" width=\"100\" height=\"150\" class=\"vignette-affiche-extrait\" alt=\"Exposition PROJECTIONS DE PEINTURES\" title=\"Exposition PROJECTIONS DE PEINTURES\" rel=\"\"><\/a><figcaption><a href=\"https:\/\/www.vuesdenface.com\/web\/fiche-event\/exposition-projections-de-peintures\/\"><\/a><\/figcaption><\/figure><\/div><\/td><td><span class=\"titre-film-h1\"><a rel=\"bookmark\" href=\"https:\/\/www.vuesdenface.com\/web\/fiche-event\/exposition-projections-de-peintures\/\">Exposition PROJECTIONS DE PEINTURES<\/a><\/span><br><span class=\"sous-titre-h4\">&nbsp;&nbsp;(du 1er au 10 avril 2016)<\/span><\/header><br><span> Projeter des films sur un \u00e9cran, projeter de la peinture sur une toile, c&rsquo;est aussi parfois se projeter dans l&rsquo;avenir.\nLo\u00efc Le Phoque Fringant est un artiste plasticien is\u00e9rois qui \u00e9voque la tendresse, l&rsquo;amour entre personnes de m\u00eame sexe.\nSe d\u00e9couvrir homosexuel, \u00e0 13 ans, en ...<\/span><a class=\"readmore\" href=\"https:\/\/www.vuesdenface.com\/web\/fiche-event\/exposition-projections-de-peintures\/\">    Continuer la lecture \u2192<\/a><\/td><\/tr><\/table>\n<div class=\"su-custom-gallery su-custom-gallery-align-left su-custom-gallery-title-hover rel su-lightbox-gallery\"><div class=\"su-custom-gallery-slide\" style=\"width:110px;height:110px\"><a href=\"https:\/\/www.vuesdenface.com\/web\/wp-content\/uploads\/2016\/03\/Hommage-a-Paulie.jpg\" title=\"Hommage \u00e0 Paulie\"><img loading=\"lazy\" decoding=\"async\" src=\"https:\/\/www.vuesdenface.com\/web\/wp-content\/uploads\/2016\/03\/Hommage-a-Paulie-110x110.jpg\" alt=\"Hommage \u00e0 Paulie\" width=\"110\" height=\"110\" \/><span class=\"su-custom-gallery-title\">Hommage \u00e0 Paulie<\/span><\/a><\/div><div class=\"su-custom-gallery-slide\" style=\"width:110px;height:110px\"><a href=\"https:\/\/www.vuesdenface.com\/web\/wp-content\/uploads\/2016\/03\/Tribute-to-Gustav.jpg\" title=\"Hommage \u00e0 Gustav\"><img loading=\"lazy\" decoding=\"async\" src=\"https:\/\/www.vuesdenface.com\/web\/wp-content\/uploads\/2016\/03\/Tribute-to-Gustav-110x110.jpg\" alt=\"Hommage \u00e0 Gustav\" width=\"110\" height=\"110\" \/><span class=\"su-custom-gallery-title\">Hommage \u00e0 Gustav<\/span><\/a><\/div><div class=\"su-custom-gallery-slide\" style=\"width:110px;height:110px\"><a href=\"https:\/\/www.vuesdenface.com\/web\/wp-content\/uploads\/2016\/03\/Sans-papier.jpg\" title=\"Sans papier\"><img loading=\"lazy\" decoding=\"async\" src=\"https:\/\/www.vuesdenface.com\/web\/wp-content\/uploads\/2016\/03\/Sans-papier-110x110.jpg\" alt=\"Sans papier\" width=\"110\" height=\"110\" \/><span class=\"su-custom-gallery-title\">Sans papier<\/span><\/a><\/div><div class=\"su-custom-gallery-slide\" style=\"width:110px;height:110px\"><a href=\"https:\/\/www.vuesdenface.com\/web\/wp-content\/uploads\/2016\/03\/projecton-de-peintures.jpg\" title=\"Exposition Projections de peintures\"><img loading=\"lazy\" decoding=\"async\" src=\"https:\/\/www.vuesdenface.com\/web\/wp-content\/uploads\/2016\/03\/projecton-de-peintures-110x110.jpg\" alt=\"Exposition Projections de peintures\" width=\"110\" height=\"110\" \/><span class=\"su-custom-gallery-title\">Exposition Projections de peintures<\/span><\/a><\/div><div class=\"su-clear\"><\/div><\/div>\n<p>&nbsp;<\/p>\n","protected":false},"excerpt":{"rendered":"<p>Ce soir 1er avril, c&rsquo;est l&rsquo;ouverture du festival. On vous attend avant 20h au Cin\u00e9ma Le Club pour la premi\u00e8re projection du film\u00a0Nasty Baby. Suivra vers 22h15-22h30 le vernissage de l&rsquo;exposition Projection de peintures de Lo\u00efc Le Phoque Fringant \u00e0 l&rsquo;Atelier du 8, venez donc prendre un verre pour le pot d&rsquo;ouverture de VUES d&rsquo;en &hellip; <a class=\"readmore\" href=\"https:\/\/www.vuesdenface.com\/web\/a-y-est-vues-den-face-commence-ce-soir-et-ce-nest-pas-un-poisson\/\">Continuer la lecture &rarr;<\/a><\/p>\n","protected":false},"author":2,"featured_media":9020,"comment_status":"closed","ping_status":"closed","sticky":false,"template":"","format":"standard","meta":{"footnotes":""},"categories":[242],"tags":[315,376,414,366,326,247,359,395],"class_list":["post-9550","post","type-post","status-publish","format-standard","has-post-thumbnail","hentry","category-actus","tag-association","tag-enfant","tag-exposition","tag-famille","tag-festival","tag-gay","tag-seance-speciale","tag-vernissage","numero_edition-edition-16","thematique-amour","thematique-cinema","thematique-enfant","thematique-gay-theme","thematique-homoparentalite"],"_links":{"self":[{"href":"https:\/\/www.vuesdenface.com\/web\/wp-json\/wp\/v2\/posts\/9550","targetHints":{"allow":["GET"]}}],"collection":[{"href":"https:\/\/www.vuesdenface.com\/web\/wp-json\/wp\/v2\/posts"}],"about":[{"href":"https:\/\/www.vuesdenface.com\/web\/wp-json\/wp\/v2\/types\/post"}],"author":[{"embeddable":true,"href":"https:\/\/www.vuesdenface.com\/web\/wp-json\/wp\/v2\/users\/2"}],"replies":[{"embeddable":true,"href":"https:\/\/www.vuesdenface.com\/web\/wp-json\/wp\/v2\/comments?post=9550"}],"version-history":[{"count":10,"href":"https:\/\/www.vuesdenface.com\/web\/wp-json\/wp\/v2\/posts\/9550\/revisions"}],"predecessor-version":[{"id":9572,"href":"https:\/\/www.vuesdenface.com\/web\/wp-json\/wp\/v2\/posts\/9550\/revisions\/9572"}],"wp:featuredmedia":[{"embeddable":true,"href":"https:\/\/www.vuesdenface.com\/web\/wp-json\/wp\/v2\/media\/9020"}],"wp:attachment":[{"href":"https:\/\/www.vuesdenface.com\/web\/wp-json\/wp\/v2\/media?parent=9550"}],"wp:term":[{"taxonomy":"category","embeddable":true,"href":"https:\/\/www.vuesdenface.com\/web\/wp-json\/wp\/v2\/categories?post=9550"},{"taxonomy":"post_tag","embeddable":true,"href":"https:\/\/www.vuesdenface.com\/web\/wp-json\/wp\/v2\/tags?post=9550"}],"curies":[{"name":"wp","href":"https:\/\/api.w.org\/{rel}","templated":true}]}}